{"id":14752,"date":"2011-12-15T21:35:44","date_gmt":"2011-12-15T20:35:44","guid":{"rendered":"http:\/\/www.ellenf.se\/?p=2241"},"modified":"2011-12-15T21:35:44","modified_gmt":"2011-12-15T20:35:44","slug":"update-15-2","status":"publish","type":"post","link":"https:\/\/blogg.improveme.se\/ellenf\/2011\/12\/15\/update-15-2\/","title":{"rendered":"Update."},"content":{"rendered":"<p>Maltes p\u00e4ls b\u00f6rjar v\u00e4xa ut igen. Han \u00e4r v\u00e4ldigt fascinerad av julgranen och adventsljustaken och kan sitta och betrakta dessa i timmar. N\u00e4r han blir uttr\u00e5kad b\u00f6rjar han busa med julgranskulorna och tv\u00e5 g\u00e5nger har han f\u00f6rs\u00f6kt kl\u00e4ttra upp i granen.<\/p>\n<p>Jag och Christian sitter i soffan och tittar p\u00e5 <strong>J\u00e4garna 2 <\/strong>och \u00e4ter hemmagjorda burgare som C har gjort. Mitt ansikte \u00e4r r\u00f6tt och br\u00e4nner p\u00e5 de st\u00e4llen som \u00e4r laserbehandlade. Jag var ju p\u00e5<strong> Stureplanskliniken <\/strong>i<strong> Malm\u00f6<\/strong> i dag och gjorde min efterl\u00e4ngtade <a href=\"http:\/\/www.stureplanskliniken.se\/fraxellaser.asp\">Fraxelbehandling.<\/a>\u00a0(Tr\u00e4ffade \u00e4ven p\u00e5 inte mindre \u00e4n tv\u00e5 bloggl\u00e4sare i receptionen.) Nu hoppas jag bara p\u00e5 en snabb l\u00e4kningsprocess s\u00e5 att jag kan se fantastisk ut p\u00e5 mitt br\u00f6llop om en m\u00e5nad. P\u00e5 onsdag s\u00e4tter jag i nya extensions p\u00e5 salong\u00a0<strong>Carpe Diem <\/strong>sedan \u00e4r det inte mycket mer som ska fixas p\u00e5 min bridal-look innan br\u00f6llopsdagen. Veckan innan blir det lite sm\u00e5fix \u2013 nyansera h\u00e5ret, fransk manikyr och pedikyr samt eventuellt en soldusch.<\/p>\n<p>&nbsp;<\/p>\n<p><img loading=\"lazy\" decoding=\"async\" class=\"aligncenter size-full wp-image-2242\" src=\"http:\/\/www.ellenf.se\/wp-content\/media\/2011\/12\/DSC01708.jpg\" alt=\"\" width=\"2736\" height=\"3648\" \/><\/p>\n","protected":false},"excerpt":{"rendered":"<p>Maltes p\u00e4ls b\u00f6rjar v\u00e4xa ut igen. Han \u00e4r v\u00e4ldigt fascinerad av julgranen och adventsljustaken och kan sitta och betrakta dessa i timmar. N\u00e4r han blir uttr\u00e5kad b\u00f6rjar han busa med julgranskulorna och tv\u00e5 g\u00e5nger har han f\u00f6rs\u00f6kt kl\u00e4ttra upp i granen. Jag och Christian sitter i soffan och tittar p\u00e5 J\u00e4garna 2 och \u00e4ter hemmagjorda &#8230; <a title=\"Update.\" class=\"read-more\" href=\"https:\/\/blogg.improveme.se\/ellenf\/2011\/12\/15\/update-15-2\/\" aria-label=\"L\u00e4s mer om Update.\">L\u00e4s mer<\/a><\/p>\n","protected":false},"author":1,"featured_media":0,"comment_status":"open","ping_status":"closed","sticky":false,"template":"","format":"standard","meta":{"footnotes":""},"categories":[1],"tags":[],"class_list":["post-14752","post","type-post","status-publish","format-standard","hentry","category-okategoriserad"],"_links":{"self":[{"href":"https:\/\/blogg.improveme.se\/ellenf\/wp-json\/wp\/v2\/posts\/14752","targetHints":{"allow":["GET"]}}],"collection":[{"href":"https:\/\/blogg.improveme.se\/ellenf\/wp-json\/wp\/v2\/posts"}],"about":[{"href":"https:\/\/blogg.improveme.se\/ellenf\/wp-json\/wp\/v2\/types\/post"}],"author":[{"embeddable":true,"href":"https:\/\/blogg.improveme.se\/ellenf\/wp-json\/wp\/v2\/users\/1"}],"replies":[{"embeddable":true,"href":"https:\/\/blogg.improveme.se\/ellenf\/wp-json\/wp\/v2\/comments?post=14752"}],"version-history":[{"count":0,"href":"https:\/\/blogg.improveme.se\/ellenf\/wp-json\/wp\/v2\/posts\/14752\/revisions"}],"wp:attachment":[{"href":"https:\/\/blogg.improveme.se\/ellenf\/wp-json\/wp\/v2\/media?parent=14752"}],"wp:term":[{"taxonomy":"category","embeddable":true,"href":"https:\/\/blogg.improveme.se\/ellenf\/wp-json\/wp\/v2\/categories?post=14752"},{"taxonomy":"post_tag","embeddable":true,"href":"https:\/\/blogg.improveme.se\/ellenf\/wp-json\/wp\/v2\/tags?post=14752"}],"curies":[{"name":"wp","href":"https:\/\/api.w.org\/{rel}","templated":true}]}}