{"id":14760,"date":"2011-12-18T18:29:38","date_gmt":"2011-12-18T17:29:38","guid":{"rendered":"http:\/\/www.ellenf.se\/?p=2317"},"modified":"2011-12-18T18:29:38","modified_gmt":"2011-12-18T17:29:38","slug":"jul-update","status":"publish","type":"post","link":"https:\/\/blogg.improveme.se\/ellenf\/2011\/12\/18\/jul-update\/","title":{"rendered":"Jul &#8211; Update."},"content":{"rendered":"<p><img loading=\"lazy\" decoding=\"async\" class=\"alignleft size-medium wp-image-2319\" src=\"http:\/\/www.ellenf.se\/wp-content\/media\/2011\/12\/8-Pink-Tree-300x195.jpg\" alt=\"\" width=\"300\" height=\"195\" \/>Julen \u00e4r den mysigaste och b\u00e4sta h\u00f6gtiden i mina \u00f6gon. Dock tycker jag att det \u00e4r viktigt att komma ih\u00e5g att det inte \u00e4r en lycklig tidpunkt f\u00f6r alla. Det \u00e4r ingen slump att det intr\u00e4ffar tre g\u00e5nger s\u00e5 m\u00e5nga sj\u00e4lvmord och sj\u00e4lvmordsf\u00f6rs\u00f6k under jul och ny\u00e5r, som under resten av \u00e5ret. Det finns m\u00e5nga som k\u00e4nner sig extra ensamma och misslyckade under jul. N\u00e4r de flesta samlas och myser med familjen finns det m\u00e5nga som inte har n\u00e5gon. Jag l\u00e4ste \u00e4ven p\u00e5 Aftonbladet om det stora antal pappor med delad v\u00e5rdnad som \u00e4r olyckliga och ensamma utan sina barn p\u00e5 julafton. T\u00e4nker \u00e4ven p\u00e5 de barn som har f\u00f6r\u00e4ldrar med alkoholproblem och vet att julen kommer bli en period full av sprit och br\u00e5k.<\/p>\n<p>P\u00e5 Christians sida har f\u00f6rh\u00e5llanden inom familjen varit minst sagt anstr\u00e4ngda den senaste tiden. Som jag anade \u00e4r C:s syster \u2013 inte jag och Christian, bjudna till Christians pappa p\u00e5 julafton med de andra sl\u00e4ktingarna fr\u00e5n Sm\u00e5land. Det k\u00e4nns s\u00e5 klart tr\u00e5kigt f\u00f6r oss, fr\u00e4mst Christian, men inget att g\u00f6ra \u00e5t. Jag och Christian kommer allts\u00e5 att fira hemma hos oss med julgran, julklappar och mycket julmat. Mina f\u00f6r\u00e4ldrar kommer \u00f6ver till oss p\u00e5 jullunch. P\u00e5 juldagen \u00e4r vi bjudna till min b\u00e4sta kompis Saras familj och p\u00e5 annandagen till Christians pappa.<\/p>\n<p>\u00d6nskar er alla en underbar julvecka!<\/p>\n","protected":false},"excerpt":{"rendered":"<p>Julen \u00e4r den mysigaste och b\u00e4sta h\u00f6gtiden i mina \u00f6gon. Dock tycker jag att det \u00e4r viktigt att komma ih\u00e5g att det inte \u00e4r en lycklig tidpunkt f\u00f6r alla. Det \u00e4r ingen slump att det intr\u00e4ffar tre g\u00e5nger s\u00e5 m\u00e5nga sj\u00e4lvmord och sj\u00e4lvmordsf\u00f6rs\u00f6k under jul och ny\u00e5r, som under resten av \u00e5ret. Det finns m\u00e5nga &#8230; <a title=\"Jul &#8211; Update.\" class=\"read-more\" href=\"https:\/\/blogg.improveme.se\/ellenf\/2011\/12\/18\/jul-update\/\" aria-label=\"L\u00e4s mer om Jul &#8211; Update.\">L\u00e4s mer<\/a><\/p>\n","protected":false},"author":1,"featured_media":0,"comment_status":"open","ping_status":"closed","sticky":false,"template":"","format":"standard","meta":{"footnotes":""},"categories":[1],"tags":[],"class_list":["post-14760","post","type-post","status-publish","format-standard","hentry","category-okategoriserad"],"_links":{"self":[{"href":"https:\/\/blogg.improveme.se\/ellenf\/wp-json\/wp\/v2\/posts\/14760","targetHints":{"allow":["GET"]}}],"collection":[{"href":"https:\/\/blogg.improveme.se\/ellenf\/wp-json\/wp\/v2\/posts"}],"about":[{"href":"https:\/\/blogg.improveme.se\/ellenf\/wp-json\/wp\/v2\/types\/post"}],"author":[{"embeddable":true,"href":"https:\/\/blogg.improveme.se\/ellenf\/wp-json\/wp\/v2\/users\/1"}],"replies":[{"embeddable":true,"href":"https:\/\/blogg.improveme.se\/ellenf\/wp-json\/wp\/v2\/comments?post=14760"}],"version-history":[{"count":0,"href":"https:\/\/blogg.improveme.se\/ellenf\/wp-json\/wp\/v2\/posts\/14760\/revisions"}],"wp:attachment":[{"href":"https:\/\/blogg.improveme.se\/ellenf\/wp-json\/wp\/v2\/media?parent=14760"}],"wp:term":[{"taxonomy":"category","embeddable":true,"href":"https:\/\/blogg.improveme.se\/ellenf\/wp-json\/wp\/v2\/categories?post=14760"},{"taxonomy":"post_tag","embeddable":true,"href":"https:\/\/blogg.improveme.se\/ellenf\/wp-json\/wp\/v2\/tags?post=14760"}],"curies":[{"name":"wp","href":"https:\/\/api.w.org\/{rel}","templated":true}]}}