{"id":14772,"date":"2011-12-20T21:55:24","date_gmt":"2011-12-20T20:55:24","guid":{"rendered":"http:\/\/www.ellenf.se\/?p=2412"},"modified":"2011-12-20T21:55:24","modified_gmt":"2011-12-20T20:55:24","slug":"genfordelningen","status":"publish","type":"post","link":"https:\/\/blogg.improveme.se\/ellenf\/2011\/12\/20\/genfordelningen\/","title":{"rendered":"Genf\u00f6rdelningen."},"content":{"rendered":"<p><img loading=\"lazy\" decoding=\"async\" class=\"alignleft size-full wp-image-2413\" src=\"http:\/\/www.ellenf.se\/wp-content\/media\/2011\/12\/118863.0x0.jpg1.png\" alt=\"\" width=\"294\" height=\"480\" \/><\/p>\n<p>G\u00e4llande mitt och Christians eventuella framtida barn \u00e4r det bara att hoppas att det inte f\u00e5r pappas \u00f6lsinne och mammas bollsinne. I \u00f6vrigt tror jag att vi skapar en r\u00e4tt bra genpol. En del tror att C har anlag f\u00f6r att g\u00e5 upp upp i vikt men hans tidigare \u00f6vervikt berodde enbart p\u00e5 livsstilen. Jag f\u00f6redrar \u00e4nd\u00e5 en kille som \u00e4r naturligt bredare (som C) \u00e4n n\u00e5gon som \u00e4r spinkig. Riktigt smala killar kan vara j\u00e4ttevackra, jag tycker bara inte att det \u00e4r fysiskt attraktivt. C har j\u00e4ttetjockt h\u00e5r s\u00e5 barnet f\u00e5r hoppas p\u00e5 gener fr\u00e5n honom i den fr\u00e5gan. Jag \u00e4r bara glad att h\u00e5rf\u00f6rl\u00e4ngning \u00e4r ett alternativ f\u00f6r oss med typiskt tunt, nordiskt h\u00e5r som inte vill v\u00e4xa. I morgon klockan 12 sitter jag p\u00e5 salong <strong>Carpe Diem <\/strong>och s\u00e4tter i h\u00e5r fr\u00e5n <strong>Be Gorgeous<\/strong>. Ska bli v\u00e4ldigt sp\u00e4nnande att testa! Jag har v\u00e4ldigt h\u00f6ga krav p\u00e5 mina extensions s\u00e5 ni kommer att f\u00e5 en v\u00e4ldigt utf\u00f6rlig recension sedan&#8230;<\/p>\n","protected":false},"excerpt":{"rendered":"<p>G\u00e4llande mitt och Christians eventuella framtida barn \u00e4r det bara att hoppas att det inte f\u00e5r pappas \u00f6lsinne och mammas bollsinne. I \u00f6vrigt tror jag att vi skapar en r\u00e4tt bra genpol. En del tror att C har anlag f\u00f6r att g\u00e5 upp upp i vikt men hans tidigare \u00f6vervikt berodde enbart p\u00e5 livsstilen. Jag &#8230; <a title=\"Genf\u00f6rdelningen.\" class=\"read-more\" href=\"https:\/\/blogg.improveme.se\/ellenf\/2011\/12\/20\/genfordelningen\/\" aria-label=\"L\u00e4s mer om Genf\u00f6rdelningen.\">L\u00e4s mer<\/a><\/p>\n","protected":false},"author":1,"featured_media":0,"comment_status":"open","ping_status":"closed","sticky":false,"template":"","format":"standard","meta":{"footnotes":""},"categories":[1],"tags":[],"class_list":["post-14772","post","type-post","status-publish","format-standard","hentry","category-okategoriserad"],"_links":{"self":[{"href":"https:\/\/blogg.improveme.se\/ellenf\/wp-json\/wp\/v2\/posts\/14772","targetHints":{"allow":["GET"]}}],"collection":[{"href":"https:\/\/blogg.improveme.se\/ellenf\/wp-json\/wp\/v2\/posts"}],"about":[{"href":"https:\/\/blogg.improveme.se\/ellenf\/wp-json\/wp\/v2\/types\/post"}],"author":[{"embeddable":true,"href":"https:\/\/blogg.improveme.se\/ellenf\/wp-json\/wp\/v2\/users\/1"}],"replies":[{"embeddable":true,"href":"https:\/\/blogg.improveme.se\/ellenf\/wp-json\/wp\/v2\/comments?post=14772"}],"version-history":[{"count":0,"href":"https:\/\/blogg.improveme.se\/ellenf\/wp-json\/wp\/v2\/posts\/14772\/revisions"}],"wp:attachment":[{"href":"https:\/\/blogg.improveme.se\/ellenf\/wp-json\/wp\/v2\/media?parent=14772"}],"wp:term":[{"taxonomy":"category","embeddable":true,"href":"https:\/\/blogg.improveme.se\/ellenf\/wp-json\/wp\/v2\/categories?post=14772"},{"taxonomy":"post_tag","embeddable":true,"href":"https:\/\/blogg.improveme.se\/ellenf\/wp-json\/wp\/v2\/tags?post=14772"}],"curies":[{"name":"wp","href":"https:\/\/api.w.org\/{rel}","templated":true}]}}