{"id":14798,"date":"2011-12-29T17:36:01","date_gmt":"2011-12-29T16:36:01","guid":{"rendered":"http:\/\/www.ellenf.se\/?p=2581"},"modified":"2011-12-29T17:36:01","modified_gmt":"2011-12-29T16:36:01","slug":"nytt-fran-wella-pro-series","status":"publish","type":"post","link":"https:\/\/blogg.improveme.se\/ellenf\/2011\/12\/29\/nytt-fran-wella-pro-series\/","title":{"rendered":"Nytt fr\u00e5n WELLA PRO SERIES"},"content":{"rendered":"<p><img loading=\"lazy\" decoding=\"async\" class=\"alignleft size-full wp-image-2582\" src=\"http:\/\/www.ellenf.se\/wp-content\/media\/2011\/12\/Sk%C3%A4rmavbild-2011-12-29-kl.-17.13.18.png\" alt=\"\" width=\"198\" height=\"312\" \/><strong>Wella Pro Series<\/strong> har lanserat tv\u00e5 nya h\u00e5rv\u00e5rdsprodukter \u2013 <em>Moisture Shampoo<\/em> och <em>Moisture Conditioner<\/em> som \u00e4r anpassade f\u00f6r fina, skandinaviska h\u00e5r. Utlovar att<br \/>\nbevarar h\u00e5rets fuktbalans, t\u00e4mja frizz och g\u00f6r h\u00e5ret mjukt och blankt. Balsamets formula g\u00f6r det extra l\u00e4tt att sk\u00f6lja ut f\u00f6r att motverka att h\u00e5ret tyngs ner. Priserna \u00e4r som vanligt riktigt bra, bara 60 SEK f\u00f6r 500ml-flaskor.<\/p>\n<p>D\u00e5 jag sj\u00e4lv enbart f\u00e5r anv\u00e4nda <a href=\"http:\/\/baldacci.se\/?gclid=CMX42IzYp60CFQUOfAoddVV1tg\"><strong>Be Gorgeous<\/strong><\/a> egna produkter p\u00e5 mitt nya l\u00f6sh\u00e5r blev min mamma testkanin. Schampot \u00e4r tunnflytande med en typisk, fr\u00e4sch schampodoft. Balsamet \u00e4r cremigt, men \u00e4ven det av det tunnare slaget. Schampot k\u00e4ndes l\u00e4ttl\u00f6ddrat men \u00e4nd\u00e5 milt och \u00e5terfuktade, och lugnade ner min mammas lite torra, frizziga h\u00e5r. Det var ett riktigt bra budget-schampoo i hennes tycke och fick d\u00e4rf\u00f6r \u00f6ver medel i betyg. Hon var inte riktigt lika f\u00f6rtjust i balsamet. H\u00e5ret blev visserligen mjukt men utredningsf\u00f6rm\u00e5gan var strax under medel \u2013 s\u00e5 inget f\u00f6r h\u00e5r som l\u00e4tt tovar sig (vilket \u00e4ven tunna, fina h\u00e5r kan g\u00f6ra).<\/p>\n","protected":false},"excerpt":{"rendered":"<p>Wella Pro Series har lanserat tv\u00e5 nya h\u00e5rv\u00e5rdsprodukter \u2013 Moisture Shampoo och Moisture Conditioner som \u00e4r anpassade f\u00f6r fina, skandinaviska h\u00e5r. Utlovar att bevarar h\u00e5rets fuktbalans, t\u00e4mja frizz och g\u00f6r h\u00e5ret mjukt och blankt. Balsamets formula g\u00f6r det extra l\u00e4tt att sk\u00f6lja ut f\u00f6r att motverka att h\u00e5ret tyngs ner. Priserna \u00e4r som vanligt riktigt &#8230; <a title=\"Nytt fr\u00e5n WELLA PRO SERIES\" class=\"read-more\" href=\"https:\/\/blogg.improveme.se\/ellenf\/2011\/12\/29\/nytt-fran-wella-pro-series\/\" aria-label=\"L\u00e4s mer om Nytt fr\u00e5n WELLA PRO SERIES\">L\u00e4s mer<\/a><\/p>\n","protected":false},"author":1,"featured_media":0,"comment_status":"open","ping_status":"closed","sticky":false,"template":"","format":"standard","meta":{"footnotes":""},"categories":[1],"tags":[],"class_list":["post-14798","post","type-post","status-publish","format-standard","hentry","category-okategoriserad"],"_links":{"self":[{"href":"https:\/\/blogg.improveme.se\/ellenf\/wp-json\/wp\/v2\/posts\/14798","targetHints":{"allow":["GET"]}}],"collection":[{"href":"https:\/\/blogg.improveme.se\/ellenf\/wp-json\/wp\/v2\/posts"}],"about":[{"href":"https:\/\/blogg.improveme.se\/ellenf\/wp-json\/wp\/v2\/types\/post"}],"author":[{"embeddable":true,"href":"https:\/\/blogg.improveme.se\/ellenf\/wp-json\/wp\/v2\/users\/1"}],"replies":[{"embeddable":true,"href":"https:\/\/blogg.improveme.se\/ellenf\/wp-json\/wp\/v2\/comments?post=14798"}],"version-history":[{"count":0,"href":"https:\/\/blogg.improveme.se\/ellenf\/wp-json\/wp\/v2\/posts\/14798\/revisions"}],"wp:attachment":[{"href":"https:\/\/blogg.improveme.se\/ellenf\/wp-json\/wp\/v2\/media?parent=14798"}],"wp:term":[{"taxonomy":"category","embeddable":true,"href":"https:\/\/blogg.improveme.se\/ellenf\/wp-json\/wp\/v2\/categories?post=14798"},{"taxonomy":"post_tag","embeddable":true,"href":"https:\/\/blogg.improveme.se\/ellenf\/wp-json\/wp\/v2\/tags?post=14798"}],"curies":[{"name":"wp","href":"https:\/\/api.w.org\/{rel}","templated":true}]}}