{"id":14805,"date":"2012-01-05T00:09:53","date_gmt":"2012-01-04T23:09:53","guid":{"rendered":"http:\/\/www.ellenf.se\/?p=2613"},"modified":"2012-01-05T00:09:53","modified_gmt":"2012-01-04T23:09:53","slug":"update-franzenternstedt","status":"publish","type":"post","link":"https:\/\/blogg.improveme.se\/ellenf\/2012\/01\/05\/update-franzenternstedt\/","title":{"rendered":"Update Franzen\/Ternstedt"},"content":{"rendered":"<p><img loading=\"lazy\" decoding=\"async\" class=\"aligncenter size-full wp-image-2614\" src=\"http:\/\/www.ellenf.se\/wp-content\/media\/2012\/01\/Sk\u00e4rmavbild-2012-01-04-kl.-23.59.55.png\" alt=\"\" width=\"579\" height=\"546\" \/><\/p>\n<p>Jag \u00e4r nu en mycket exklusiv br\u00f6llopskl\u00e4nning rikare. Tyv\u00e4rr kommer jag inte att anv\u00e4nda den n\u00e4sta l\u00f6rdag som planerat. Of\u00f6rutsedda h\u00e4ndelser har gjort att vi m\u00e5ste skjuta fram br\u00f6llopet till senare i \u00e5r. Eftersom det \u00e4r b\u00e5de privata och jobbiga saker det handlar om \u00e4r det inget jag kan blogga om, endast de n\u00e4rmaste vet. Detta \u00e4r ocks\u00e5 sk\u00e4len till att jag har haft mitt livs v\u00e4rsta jul och ny\u00e5rsafton. \u00c4ven fast jag &amp; C ser ganska snygga ut p\u00e5 bilden kan man ju tycka. I alla fall med tanke p\u00e5 att jag hade gr\u00e5tit och inte tv\u00e4ttat h\u00e5ret p\u00e5 en vecka. Jag s\u00e4ger s\u00e5 h\u00e4r: Nu <strong>kan<\/strong> 2012 inte bli v\u00e4rre, vilket m\u00e5ste inneb\u00e4ra att\u00a0det bara kan bli b\u00e4ttre hela \u00e5ret?<\/p>\n<p>&nbsp;<\/p>\n","protected":false},"excerpt":{"rendered":"<p>Jag \u00e4r nu en mycket exklusiv br\u00f6llopskl\u00e4nning rikare. Tyv\u00e4rr kommer jag inte att anv\u00e4nda den n\u00e4sta l\u00f6rdag som planerat. Of\u00f6rutsedda h\u00e4ndelser har gjort att vi m\u00e5ste skjuta fram br\u00f6llopet till senare i \u00e5r. Eftersom det \u00e4r b\u00e5de privata och jobbiga saker det handlar om \u00e4r det inget jag kan blogga om, endast de n\u00e4rmaste vet. &#8230; <a title=\"Update Franzen\/Ternstedt\" class=\"read-more\" href=\"https:\/\/blogg.improveme.se\/ellenf\/2012\/01\/05\/update-franzenternstedt\/\" aria-label=\"L\u00e4s mer om Update Franzen\/Ternstedt\">L\u00e4s mer<\/a><\/p>\n","protected":false},"author":1,"featured_media":0,"comment_status":"open","ping_status":"closed","sticky":false,"template":"","format":"standard","meta":{"footnotes":""},"categories":[1],"tags":[],"class_list":["post-14805","post","type-post","status-publish","format-standard","hentry","category-okategoriserad"],"_links":{"self":[{"href":"https:\/\/blogg.improveme.se\/ellenf\/wp-json\/wp\/v2\/posts\/14805","targetHints":{"allow":["GET"]}}],"collection":[{"href":"https:\/\/blogg.improveme.se\/ellenf\/wp-json\/wp\/v2\/posts"}],"about":[{"href":"https:\/\/blogg.improveme.se\/ellenf\/wp-json\/wp\/v2\/types\/post"}],"author":[{"embeddable":true,"href":"https:\/\/blogg.improveme.se\/ellenf\/wp-json\/wp\/v2\/users\/1"}],"replies":[{"embeddable":true,"href":"https:\/\/blogg.improveme.se\/ellenf\/wp-json\/wp\/v2\/comments?post=14805"}],"version-history":[{"count":0,"href":"https:\/\/blogg.improveme.se\/ellenf\/wp-json\/wp\/v2\/posts\/14805\/revisions"}],"wp:attachment":[{"href":"https:\/\/blogg.improveme.se\/ellenf\/wp-json\/wp\/v2\/media?parent=14805"}],"wp:term":[{"taxonomy":"category","embeddable":true,"href":"https:\/\/blogg.improveme.se\/ellenf\/wp-json\/wp\/v2\/categories?post=14805"},{"taxonomy":"post_tag","embeddable":true,"href":"https:\/\/blogg.improveme.se\/ellenf\/wp-json\/wp\/v2\/tags?post=14805"}],"curies":[{"name":"wp","href":"https:\/\/api.w.org\/{rel}","templated":true}]}}