{"id":14848,"date":"2012-01-23T15:22:39","date_gmt":"2012-01-23T14:22:39","guid":{"rendered":"http:\/\/www.ellenf.se\/?p=2881"},"modified":"2012-01-23T15:22:39","modified_gmt":"2012-01-23T14:22:39","slug":"vichy-liftactiv-serum-10","status":"publish","type":"post","link":"https:\/\/blogg.improveme.se\/ellenf\/2012\/01\/23\/vichy-liftactiv-serum-10\/","title":{"rendered":"VICHY Liftactiv Serum 10"},"content":{"rendered":"<p><img loading=\"lazy\" decoding=\"async\" class=\"aligncenter size-full wp-image-2882\" src=\"http:\/\/www.ellenf.se\/wp-content\/media\/2012\/01\/liftactivedermsource006_0001-zoomProd.png\" alt=\"\" width=\"276\" height=\"480\" \/><\/p>\n<p><strong>Doft &amp; Formula:<\/strong> Transparent serum med l\u00e4tt konsistens och silkig textur. Svag doft.<strong><\/strong><\/p>\n<p><strong>Hudtyp:<\/strong> Alla, \u00e4ven k\u00e4nslig hy.<strong><br \/>\n<\/strong><\/p>\n<p><strong>Anv\u00e4ndning:<\/strong> Applicera ett par droppar av serumet, och f\u00f6rdela med fingertopparna i l\u00e4tta upp\u00e5tg\u00e5ende r\u00f6relser \u2013 fr\u00e5n mitten av ansiktet och ut. Anv\u00e4nds dagligen, morgon och kv\u00e4ll \u2013 separat eller under din creme .<\/p>\n<p><strong>Utlovar: <\/strong>Ett effektivt antirynk-serum som tillf\u00f6r huden en antirynk-boost ut \u00f6ver det vanliga. Huden k\u00e4nns omedelbart mer sl\u00e4t och mjuk och efter bara tio minuter \u00e4r hudens rynkor mindre synliga. Inom fyra dagar utlovas synbara resultat i hudtexturen. Inneh\u00e5ller <em>Rhamose<\/em> som \u00e4r en naturlig antiage-ingrediens fr\u00e5n v\u00e4xtriket samt thermalskt k\u00e4llvatten,\u00a0 k\u00e4nt f\u00f6r sina lugnande och st\u00e4rkande egenskaper. Hypoallgenisk och testad p\u00e5 k\u00e4nslig hy under dermatologisk kontroll. Parabenfri.<strong><br \/>\n<\/strong><\/p>\n<p><strong>Resultat: <\/strong>Serumet l\u00e4gger sig som en silkig, tunn &#8221;film&#8221; p\u00e5 huden, och ger en s.k. tillf\u00e4llig askunge-effekt. \u00c4r lite klibbig vid applicering med ger en silkig finish n\u00e4r den har torkat in. Jag \u00e4r ju van vid serum som fungerar p\u00e5 sikt men denna tr\u00e4nger inte in i huden. Som primer-serum \u00e4r den dock effektiv \u2013 drar ihop huden och porerna och ger en synbar lifting-effekt. Den ger ocks\u00e5 en lite extra lyster och jag skulle d\u00e4rf\u00f6r inte rekommendera den till fet hy d\u00e5 den skulle kunna se blank ut. Jag \u00e4r \u00e4ven lite skeptisk mot att den skulle passa k\u00e4nslig hy d\u00e5 den inneh\u00e5ller alkohol och inte \u00e4r helt parfymfri. Rekommenderar den d\u00e4remot till alla med normal hy med stora porer eller oj\u00e4mn hudtextur.<strong><br \/>\n<\/strong><\/p>\n<p><strong>Pris:<\/strong> 369 SEK (30 ml) p\u00e5<strong> Apoteket<\/strong> fr\u00e5n februari.<strong><br \/>\n<\/strong><\/p>\n<p><strong>Betyg: <\/strong>4\/5<strong><br \/>\n<\/strong><\/p>\n","protected":false},"excerpt":{"rendered":"<p>Doft &amp; Formula: Transparent serum med l\u00e4tt konsistens och silkig textur. Svag doft. Hudtyp: Alla, \u00e4ven k\u00e4nslig hy. Anv\u00e4ndning: Applicera ett par droppar av serumet, och f\u00f6rdela med fingertopparna i l\u00e4tta upp\u00e5tg\u00e5ende r\u00f6relser \u2013 fr\u00e5n mitten av ansiktet och ut. Anv\u00e4nds dagligen, morgon och kv\u00e4ll \u2013 separat eller under din creme . Utlovar: Ett effektivt &#8230; <a title=\"VICHY Liftactiv Serum 10\" class=\"read-more\" href=\"https:\/\/blogg.improveme.se\/ellenf\/2012\/01\/23\/vichy-liftactiv-serum-10\/\" aria-label=\"L\u00e4s mer om VICHY Liftactiv Serum 10\">L\u00e4s mer<\/a><\/p>\n","protected":false},"author":1,"featured_media":0,"comment_status":"open","ping_status":"closed","sticky":false,"template":"","format":"standard","meta":{"footnotes":""},"categories":[7],"tags":[],"class_list":["post-14848","post","type-post","status-publish","format-standard","hentry","category-ellen-testar"],"_links":{"self":[{"href":"https:\/\/blogg.improveme.se\/ellenf\/wp-json\/wp\/v2\/posts\/14848","targetHints":{"allow":["GET"]}}],"collection":[{"href":"https:\/\/blogg.improveme.se\/ellenf\/wp-json\/wp\/v2\/posts"}],"about":[{"href":"https:\/\/blogg.improveme.se\/ellenf\/wp-json\/wp\/v2\/types\/post"}],"author":[{"embeddable":true,"href":"https:\/\/blogg.improveme.se\/ellenf\/wp-json\/wp\/v2\/users\/1"}],"replies":[{"embeddable":true,"href":"https:\/\/blogg.improveme.se\/ellenf\/wp-json\/wp\/v2\/comments?post=14848"}],"version-history":[{"count":0,"href":"https:\/\/blogg.improveme.se\/ellenf\/wp-json\/wp\/v2\/posts\/14848\/revisions"}],"wp:attachment":[{"href":"https:\/\/blogg.improveme.se\/ellenf\/wp-json\/wp\/v2\/media?parent=14848"}],"wp:term":[{"taxonomy":"category","embeddable":true,"href":"https:\/\/blogg.improveme.se\/ellenf\/wp-json\/wp\/v2\/categories?post=14848"},{"taxonomy":"post_tag","embeddable":true,"href":"https:\/\/blogg.improveme.se\/ellenf\/wp-json\/wp\/v2\/tags?post=14848"}],"curies":[{"name":"wp","href":"https:\/\/api.w.org\/{rel}","templated":true}]}}