{"id":168,"date":"2009-01-08T19:14:00","date_gmt":"2009-01-08T18:14:00","guid":{"rendered":"http:\/\/blogg.improveme.se\/ellenf\/2009\/01\/08\/hej-igen\/"},"modified":"2009-01-08T19:14:00","modified_gmt":"2009-01-08T18:14:00","slug":"hej-igen","status":"publish","type":"post","link":"https:\/\/blogg.improveme.se\/ellenf\/2009\/01\/08\/hej-igen\/","title":{"rendered":"Hej igen!"},"content":{"rendered":"<p>H\u00e4r kommer lite bildbevis fr\u00e5n g\u00e5rdagen. Jag var verkligen inte p\u00e5 topp, k\u00e4nde mig varken snygg eller peppad men p\u00e5 n\u00e5got s\u00e4tt gjorde jag iaf ett bra jobb och skrev ett av mina b\u00e4sta eftersnack.&nbsp; Det blev tyv\u00e4rr redigerat till 1\/3 pga platsbrist (me no likey) men s\u00e5 kan det g\u00e5. L\u00e4s \u00e4nd\u00e5! (L\u00e4nk nedan)<\/p>\n<p><a href=\"http:\/\/www.glife.se\/content\/5104\">http:\/\/www.glife.se\/content\/5104<\/a><\/p>\n<p>\n<img decoding=\"async\" src=\"http:\/\/www.improveme.se\/Community\/Bloggbilder\/2009-01-08_18:59:10_sf3t8xy.jpg\"><\/p>\n<p>Jag &amp; Pia<\/p>\n<p>\n<img decoding=\"async\" src=\"http:\/\/www.improveme.se\/Community\/Bloggbilder\/2009-01-08_18:59:37_m7n9t52.jpg\"><\/p>\n<p>Jag i h\u00f6gsta hugg med block &amp; penna<\/p>\n<p>\n<img decoding=\"async\" src=\"http:\/\/www.improveme.se\/Community\/Bloggbilder\/2009-01-08_19:00:24_9y4vq6n.jpg\"><\/p>\n<p>Pia &amp; Improveme-redaktionen<\/p>\n<p><\/p>\n<p><img decoding=\"async\" src=\"http:\/\/www.improveme.se\/Community\/Bloggbilder\/2009-01-08_19:14:51_52lp1uw.jpg\"><\/p>\n<p>&#8230;och lite Grammis-mingel med Kevin och Petra Marlkund med v\u00e4n fr\u00e5n Detektivbyr\u00e5n.<\/p>\n<p>Idag tog jag och M\u00e5ns en v\u00e4lbeh\u00f6vlig dag av VILA. M\u00e5ns spelar poker p\u00e5 n\u00e4tet och jag kollar p\u00e5 NIP\/TUCK. Finns inget som fascinerar mig mer \u00e4n just plastikkirurgi. Vi har precis \u00e4tit lite skagentoast. <\/p>\n<p>Kommer fler bloggar senare ikv\u00e4ll..puss s\u00e5 l\u00e4nge till mina trogna..<\/p>\n","protected":false},"excerpt":{"rendered":"<p>H\u00e4r kommer lite bildbevis fr\u00e5n g\u00e5rdagen. Jag var verkligen inte p\u00e5 topp, k\u00e4nde mig varken snygg eller peppad men p\u00e5 n\u00e5got s\u00e4tt gjorde jag iaf ett bra jobb och skrev ett av mina b\u00e4sta eftersnack.&nbsp; Det blev tyv\u00e4rr redigerat till 1\/3 pga platsbrist (me no likey) men s\u00e5 kan det g\u00e5. L\u00e4s \u00e4nd\u00e5! (L\u00e4nk nedan) &#8230; <a title=\"Hej igen!\" class=\"read-more\" href=\"https:\/\/blogg.improveme.se\/ellenf\/2009\/01\/08\/hej-igen\/\" aria-label=\"L\u00e4s mer om Hej igen!\">L\u00e4s mer<\/a><\/p>\n","protected":false},"author":1767,"featured_media":0,"comment_status":"open","ping_status":"open","sticky":false,"template":"","format":"standard","meta":{"footnotes":""},"categories":[1],"tags":[],"class_list":["post-168","post","type-post","status-publish","format-standard","hentry","category-okategoriserad"],"_links":{"self":[{"href":"https:\/\/blogg.improveme.se\/ellenf\/wp-json\/wp\/v2\/posts\/168","targetHints":{"allow":["GET"]}}],"collection":[{"href":"https:\/\/blogg.improveme.se\/ellenf\/wp-json\/wp\/v2\/posts"}],"about":[{"href":"https:\/\/blogg.improveme.se\/ellenf\/wp-json\/wp\/v2\/types\/post"}],"author":[{"embeddable":true,"href":"https:\/\/blogg.improveme.se\/ellenf\/wp-json\/wp\/v2\/users\/1767"}],"replies":[{"embeddable":true,"href":"https:\/\/blogg.improveme.se\/ellenf\/wp-json\/wp\/v2\/comments?post=168"}],"version-history":[{"count":0,"href":"https:\/\/blogg.improveme.se\/ellenf\/wp-json\/wp\/v2\/posts\/168\/revisions"}],"wp:attachment":[{"href":"https:\/\/blogg.improveme.se\/ellenf\/wp-json\/wp\/v2\/media?parent=168"}],"wp:term":[{"taxonomy":"category","embeddable":true,"href":"https:\/\/blogg.improveme.se\/ellenf\/wp-json\/wp\/v2\/categories?post=168"},{"taxonomy":"post_tag","embeddable":true,"href":"https:\/\/blogg.improveme.se\/ellenf\/wp-json\/wp\/v2\/tags?post=168"}],"curies":[{"name":"wp","href":"https:\/\/api.w.org\/{rel}","templated":true}]}}