{"id":177,"date":"2009-01-11T18:28:00","date_gmt":"2009-01-11T17:28:00","guid":{"rendered":"http:\/\/blogg.improveme.se\/ellenf\/2009\/01\/11\/i-miss-your-hair\/"},"modified":"2009-01-11T18:28:00","modified_gmt":"2009-01-11T17:28:00","slug":"i-miss-your-hair","status":"publish","type":"post","link":"https:\/\/blogg.improveme.se\/ellenf\/2009\/01\/11\/i-miss-your-hair\/","title":{"rendered":"I miss your hair!"},"content":{"rendered":"<p>Kolla p\u00e5 det fotot. Okej, bortse fr\u00e5n att jag har enorma \u00e4ppelkinder (ser ut som om jag hamstrat in flera kilo mat) och titta p\u00e5 Pias vackra h\u00e5r. Det \u00e4r inte ens extensions. Varje g\u00e5ng vi \u00e4r ute f\u00e5r hon massa komplimanger f\u00f6r sin korta moderiktiga pojkfrisyr medan folk tittar lite ointresserat p\u00e5 mina blonda l\u00e4ngder. men jag kan inte hj\u00e4lpa det, jag \u00e4lskar l\u00e5ngt h\u00e5r och s\u00e4rskilt p\u00e5 Pia. Hennes personlighet \u00e4r lite pojkflicka s\u00e5 jag gillade hennes feminina lockar som gav henne en lite mjukare look.<\/p>\n<p><\/p>\n<p><img decoding=\"async\" src=\"http:\/\/www.improveme.se\/Community\/Bloggbilder\/2009-01-11_18:28:59_u3jldwn.jpg\"><\/p>\n<p>Pia s\u00e4ger att det \u00e4r p\u00e5 utv\u00e4xt igen. I miss your hair!<\/p>\n","protected":false},"excerpt":{"rendered":"<p>Kolla p\u00e5 det fotot. Okej, bortse fr\u00e5n att jag har enorma \u00e4ppelkinder (ser ut som om jag hamstrat in flera kilo mat) och titta p\u00e5 Pias vackra h\u00e5r. Det \u00e4r inte ens extensions. Varje g\u00e5ng vi \u00e4r ute f\u00e5r hon massa komplimanger f\u00f6r sin korta moderiktiga pojkfrisyr medan folk tittar lite ointresserat p\u00e5 mina blonda &#8230; <a title=\"I miss your hair!\" class=\"read-more\" href=\"https:\/\/blogg.improveme.se\/ellenf\/2009\/01\/11\/i-miss-your-hair\/\" aria-label=\"L\u00e4s mer om I miss your hair!\">L\u00e4s mer<\/a><\/p>\n","protected":false},"author":1767,"featured_media":0,"comment_status":"open","ping_status":"open","sticky":false,"template":"","format":"standard","meta":{"footnotes":""},"categories":[1],"tags":[],"class_list":["post-177","post","type-post","status-publish","format-standard","hentry","category-okategoriserad"],"_links":{"self":[{"href":"https:\/\/blogg.improveme.se\/ellenf\/wp-json\/wp\/v2\/posts\/177","targetHints":{"allow":["GET"]}}],"collection":[{"href":"https:\/\/blogg.improveme.se\/ellenf\/wp-json\/wp\/v2\/posts"}],"about":[{"href":"https:\/\/blogg.improveme.se\/ellenf\/wp-json\/wp\/v2\/types\/post"}],"author":[{"embeddable":true,"href":"https:\/\/blogg.improveme.se\/ellenf\/wp-json\/wp\/v2\/users\/1767"}],"replies":[{"embeddable":true,"href":"https:\/\/blogg.improveme.se\/ellenf\/wp-json\/wp\/v2\/comments?post=177"}],"version-history":[{"count":0,"href":"https:\/\/blogg.improveme.se\/ellenf\/wp-json\/wp\/v2\/posts\/177\/revisions"}],"wp:attachment":[{"href":"https:\/\/blogg.improveme.se\/ellenf\/wp-json\/wp\/v2\/media?parent=177"}],"wp:term":[{"taxonomy":"category","embeddable":true,"href":"https:\/\/blogg.improveme.se\/ellenf\/wp-json\/wp\/v2\/categories?post=177"},{"taxonomy":"post_tag","embeddable":true,"href":"https:\/\/blogg.improveme.se\/ellenf\/wp-json\/wp\/v2\/tags?post=177"}],"curies":[{"name":"wp","href":"https:\/\/api.w.org\/{rel}","templated":true}]}}