{"id":187,"date":"2009-01-13T20:27:00","date_gmt":"2009-01-13T19:27:00","guid":{"rendered":"http:\/\/blogg.improveme.se\/ellenf\/2009\/01\/13\/x-faktorn\/"},"modified":"2009-01-13T20:27:00","modified_gmt":"2009-01-13T19:27:00","slug":"x-faktorn","status":"publish","type":"post","link":"https:\/\/blogg.improveme.se\/ellenf\/2009\/01\/13\/x-faktorn\/","title":{"rendered":"X-faktorn!"},"content":{"rendered":"<p>H\u00e4r \u00e4r en bild p\u00e5 mig, min kompis Sofia som ocks\u00e5 kommer fr\u00e5n V\u00e4xj\u00f6 och Morgan, min b\u00e4sta killkompis och \u00e4ven ett ex om man nu ska r\u00e4kna s\u00e5 l\u00e5ngt tillbaka i tiden som 10 \u00e5r.<\/p>\n<p><img decoding=\"async\" src=\"http:\/\/www.improveme.se\/Community\/Bloggbilder\/2009-01-13_20:27:57_eh43572.jpg\"><\/p>\n<p>Jag har d\u00e4rf\u00f6r tur att min pojkv\u00e4n inte \u00e4r s\u00e4rskilt svartsjuk. Jag d\u00e4remot \u00e4r ganska svartsjuk av mig och skulle nog inte palla med att M\u00e5ns h\u00e4ngde med sina ex. S\u00e5 det \u00e4r tur f\u00f6r mig att han inte har det minsta intresse av det heller.&nbsp; <\/p>\n<p>Det \u00e4r konstigt det h\u00e4r med f\u00f6rh\u00e5llanden. Ena stunden lovar man att vara tillsammans f\u00f6r alltid men n\u00e4r\/om det blir slut s\u00e5 tr\u00e4ffas man bara inte mer. Det \u00e4r lite som om den andre har d\u00f6tt. Ena dagen s\u00e4ger man &#8221;jag \u00e4lskar dig&#8221; och &#8221;du \u00e4r min andra h\u00e4lft&#8221; osv och n\u00e5gra veckor senare h\u00e4lsar man inte ens p\u00e5 varandra p\u00e5 gatan. S\u00e5 var det f\u00f6r M\u00e5ns och hans senaste ex och f\u00f6r s\u00e5 m\u00e5nga andra, \u00e4ven f\u00f6r mig vissa g\u00e5nger. Men jag kommer aldrig sluta att tycka att det egentligen \u00e4r ganska konstigt att det kan vara s\u00e5.<\/p>\n<p>Betyder det att k\u00e4nslor kan \u00e4ndras s\u00e5 snabbt? Betyder det att man egentligen inte var s\u00e4rskilt k\u00e4r till att b\u00f6rja med utan bara lurade sig sj\u00e4lv? Eller betyder det att man f\u00f6rs\u00f6kte s\u00e5 l\u00e4nge att man till slut bara har hat kvar? Eller att man har s\u00e5 pass mycket k\u00e4nslor kvar att man m\u00e5ste sk\u00e4ra av kontakten f\u00f6r att orka? <\/p>\n<p>Sj\u00e4lvklart \u00e4r det olika f\u00f6r alla men jag har k\u00e4nslan av att killar l\u00e4ttare kan st\u00e4nga av k\u00e4nslor och g\u00e5 vidare som om inget h\u00e4nt. Men det kanske \u00e4r en grov generalisering?<\/p>\n<p>Jag tycker att g\u00f6ra slut kan j\u00e4mf\u00f6ras med ett d\u00f6dsfall om man m\u00e4ter den psykiska och k\u00e4nslom\u00e4ssiga skadan. Man vet ju (oftast) att man aldrig mer komma somna bredvid personen, resa med personen, vara n\u00e4ra personen igen. S\u00e5 i praktiken \u00e4r det ju som att han\/hon \u00e4r d\u00f6d, iaf f\u00f6r dig. <\/p>\n<p>Jag vill aldrig mer vara med om det, det \u00e4r f\u00f6r uppslitande f\u00f6r mig, jag orkar inte s\u00e5dana k\u00e4nslom\u00e4ssigt jobbiga saker. Men ingen \u00e4r immun och k\u00e4rlek \u00e4r inget best\u00e4ndigt, hur stark den \u00e4n \u00e4r fr\u00e5n b\u00f6rjan. Man m\u00e5ste hitta den p\u00e5 nytt hela tiden, \u00e4ven i samma f\u00f6rh\u00e5llande.<\/p>\n<p><\/p>\n","protected":false},"excerpt":{"rendered":"<p>H\u00e4r \u00e4r en bild p\u00e5 mig, min kompis Sofia som ocks\u00e5 kommer fr\u00e5n V\u00e4xj\u00f6 och Morgan, min b\u00e4sta killkompis och \u00e4ven ett ex om man nu ska r\u00e4kna s\u00e5 l\u00e5ngt tillbaka i tiden som 10 \u00e5r. Jag har d\u00e4rf\u00f6r tur att min pojkv\u00e4n inte \u00e4r s\u00e4rskilt svartsjuk. Jag d\u00e4remot \u00e4r ganska svartsjuk av mig och &#8230; <a title=\"X-faktorn!\" class=\"read-more\" href=\"https:\/\/blogg.improveme.se\/ellenf\/2009\/01\/13\/x-faktorn\/\" aria-label=\"L\u00e4s mer om X-faktorn!\">L\u00e4s mer<\/a><\/p>\n","protected":false},"author":1767,"featured_media":0,"comment_status":"open","ping_status":"open","sticky":false,"template":"","format":"standard","meta":{"footnotes":""},"categories":[1],"tags":[],"class_list":["post-187","post","type-post","status-publish","format-standard","hentry","category-okategoriserad"],"_links":{"self":[{"href":"https:\/\/blogg.improveme.se\/ellenf\/wp-json\/wp\/v2\/posts\/187","targetHints":{"allow":["GET"]}}],"collection":[{"href":"https:\/\/blogg.improveme.se\/ellenf\/wp-json\/wp\/v2\/posts"}],"about":[{"href":"https:\/\/blogg.improveme.se\/ellenf\/wp-json\/wp\/v2\/types\/post"}],"author":[{"embeddable":true,"href":"https:\/\/blogg.improveme.se\/ellenf\/wp-json\/wp\/v2\/users\/1767"}],"replies":[{"embeddable":true,"href":"https:\/\/blogg.improveme.se\/ellenf\/wp-json\/wp\/v2\/comments?post=187"}],"version-history":[{"count":0,"href":"https:\/\/blogg.improveme.se\/ellenf\/wp-json\/wp\/v2\/posts\/187\/revisions"}],"wp:attachment":[{"href":"https:\/\/blogg.improveme.se\/ellenf\/wp-json\/wp\/v2\/media?parent=187"}],"wp:term":[{"taxonomy":"category","embeddable":true,"href":"https:\/\/blogg.improveme.se\/ellenf\/wp-json\/wp\/v2\/categories?post=187"},{"taxonomy":"post_tag","embeddable":true,"href":"https:\/\/blogg.improveme.se\/ellenf\/wp-json\/wp\/v2\/tags?post=187"}],"curies":[{"name":"wp","href":"https:\/\/api.w.org\/{rel}","templated":true}]}}