{"id":198,"date":"2009-01-15T23:29:00","date_gmt":"2009-01-15T22:29:00","guid":{"rendered":"http:\/\/blogg.improveme.se\/ellenf\/2009\/01\/15\/kara-vanner-lasare\/"},"modified":"2009-01-15T23:29:00","modified_gmt":"2009-01-15T22:29:00","slug":"kara-vanner-lasare","status":"publish","type":"post","link":"https:\/\/blogg.improveme.se\/ellenf\/2009\/01\/15\/kara-vanner-lasare\/","title":{"rendered":"K\u00e4ra v\u00e4nner &#038; l\u00e4sare!"},"content":{"rendered":"<p>Kolla hur kort min lugg \u00e4r p\u00e5 detta kort fr\u00e5n en maskerad f\u00f6r tv\u00e5 \u00e5r sedan (med Natasha Kaulio).<\/p>\n<p><img decoding=\"async\" src=\"http:\/\/www.improveme.se\/Community\/Bloggbilder\/2009-01-15_23:14:47_zedm3gh.jpg\"><\/p>\n<p>Jag borde kanske klippa s\u00e5 igen, \u00e4lskar 50-tals-luggen rockabilly-style. Mitt ex i V\u00e4xj\u00f6 hade Rockabillystilen, tycker det \u00e4r en j\u00e4ttecool look!<\/p>\n<p>Denna vecka har jag f\u00e5tt tv\u00e5 nyheter, en bra och en d\u00e5lig. Jag har f\u00e5tt jobb p\u00e5 <span style=\"font-weight: bold;\">Branschmagasinet<\/span>, <br \/><img decoding=\"async\" src=\"..\/..\/..\/Bloggbilder\/2009-01-15_23:24:13_iokxnds.jpg\"><br \/>d\u00e4r jag kommer b\u00e5de skriva och s\u00e4lja annonser. Sedan fick jag reda p\u00e5 att min st\u00e5ende artikel i tidningen <span style=\"font-weight: bold;\">I<\/span> <span style=\"font-weight: bold;\">CITY<\/span> (&#8221;Testpilot: Ellen testar&#8221;)&nbsp; har blivit kapad pga nedsk\u00e4rningar i antalet sidor till n\u00e4stan h\u00e4lften. Detta \u00e4r det andra gratismagasinet jag har&nbsp; jobbat p\u00e5 som g\u00f6r nedsk\u00e4rningar i \u00e5r. Hur ska det g\u00e5 f\u00f6r mediabranschen? Och mig?<\/p>\n<p><span style=\"font-style: italic;\">Det d\u00e4r \u00e4r ingenting<\/span>, <span style=\"font-style: italic;\"><span style=\"font-style: italic;\"><\/span><\/span>s\u00e4ger min mamma. Just nu ligger det folk och k\u00e4mpar f\u00f6r sina liv i iskallt vatten, fr\u00e5n ett plan som st\u00f6rtade utanf\u00f6r New York.<\/p>\n<p>\n<img decoding=\"async\" src=\"http:\/\/www.improveme.se\/Community\/Bloggbilder\/2009-01-15_23:29:53_afj81dq.jpg\"><\/p>\n<p>Sj\u00e4lv ligger jag framf\u00f6r en 40 tums TV och dricker vin och \u00e4ter choklad med ett dunt\u00e4cke \u00f6ver mig, bredvid mannen jag \u00e4lskar.<\/p>\n<p>Okej, hon har en po\u00e4ng.<\/p>\n<p>PUSS!<\/p>\n<p>P.S Tack till chefen p\u00e5 min Axel Ohlssons guldsmedsaff\u00e4r som gav min mamma v\u00e4rldens st\u00f6rsta lyx-chokladkartong i tre lager i julklapp. Beh\u00f6vde tr\u00f6st\u00e4ta ikv\u00e4ll!<\/p>\n<p><\/p>\n","protected":false},"excerpt":{"rendered":"<p>Kolla hur kort min lugg \u00e4r p\u00e5 detta kort fr\u00e5n en maskerad f\u00f6r tv\u00e5 \u00e5r sedan (med Natasha Kaulio). Jag borde kanske klippa s\u00e5 igen, \u00e4lskar 50-tals-luggen rockabilly-style. Mitt ex i V\u00e4xj\u00f6 hade Rockabillystilen, tycker det \u00e4r en j\u00e4ttecool look! Denna vecka har jag f\u00e5tt tv\u00e5 nyheter, en bra och en d\u00e5lig. Jag har f\u00e5tt &#8230; <a title=\"K\u00e4ra v\u00e4nner &#038; l\u00e4sare!\" class=\"read-more\" href=\"https:\/\/blogg.improveme.se\/ellenf\/2009\/01\/15\/kara-vanner-lasare\/\" aria-label=\"L\u00e4s mer om K\u00e4ra v\u00e4nner &#038; l\u00e4sare!\">L\u00e4s mer<\/a><\/p>\n","protected":false},"author":1767,"featured_media":0,"comment_status":"open","ping_status":"open","sticky":false,"template":"","format":"standard","meta":{"footnotes":""},"categories":[1],"tags":[],"class_list":["post-198","post","type-post","status-publish","format-standard","hentry","category-okategoriserad"],"_links":{"self":[{"href":"https:\/\/blogg.improveme.se\/ellenf\/wp-json\/wp\/v2\/posts\/198","targetHints":{"allow":["GET"]}}],"collection":[{"href":"https:\/\/blogg.improveme.se\/ellenf\/wp-json\/wp\/v2\/posts"}],"about":[{"href":"https:\/\/blogg.improveme.se\/ellenf\/wp-json\/wp\/v2\/types\/post"}],"author":[{"embeddable":true,"href":"https:\/\/blogg.improveme.se\/ellenf\/wp-json\/wp\/v2\/users\/1767"}],"replies":[{"embeddable":true,"href":"https:\/\/blogg.improveme.se\/ellenf\/wp-json\/wp\/v2\/comments?post=198"}],"version-history":[{"count":0,"href":"https:\/\/blogg.improveme.se\/ellenf\/wp-json\/wp\/v2\/posts\/198\/revisions"}],"wp:attachment":[{"href":"https:\/\/blogg.improveme.se\/ellenf\/wp-json\/wp\/v2\/media?parent=198"}],"wp:term":[{"taxonomy":"category","embeddable":true,"href":"https:\/\/blogg.improveme.se\/ellenf\/wp-json\/wp\/v2\/categories?post=198"},{"taxonomy":"post_tag","embeddable":true,"href":"https:\/\/blogg.improveme.se\/ellenf\/wp-json\/wp\/v2\/tags?post=198"}],"curies":[{"name":"wp","href":"https:\/\/api.w.org\/{rel}","templated":true}]}}