{"id":2005,"date":"2010-06-27T16:57:00","date_gmt":"2010-06-27T15:57:00","guid":{"rendered":"http:\/\/blogg.improveme.se\/ellenf\/2010\/06\/27\/stockholm-barcelona-bastad\/"},"modified":"2010-06-27T16:57:00","modified_gmt":"2010-06-27T15:57:00","slug":"stockholm-barcelona-bastad","status":"publish","type":"post","link":"https:\/\/blogg.improveme.se\/ellenf\/2010\/06\/27\/stockholm-barcelona-bastad\/","title":{"rendered":"Stockholm- Barcelona- B\u00e5stad."},"content":{"rendered":"<p><span style=\"font-family: Courier New;\">De kommande veckorna kommer att bli grymma. F\u00f6rst Barca (p\u00e5 onsdag)en vecka och dagen efter hemkomst B\u00e5stad i 11 dagar. Rehab hela augusti m.a.o. T\u00e4nk er sj\u00e4lva mig &amp; <a href=\"http:\/\/www.finest.se\/candibaux\">Natalie<\/a> i B\u00e5stad. Det kan ju bara sluta p\u00e5 ett s\u00e4tt. Efter B\u00e5stad \u00e5ker jag till V\u00e4xj\u00f6 i en vecka s\u00e5 sammanlagt blir det \u00f6ver 2 veckor som jag och M\u00e5ns \u00e4r ifr\u00e5n varandra och det \u00e4r det l\u00e4ngsta sedan vi blev ihop f\u00f6r drygt 2 \u00e5r sedan. Tror det \u00e4r bra f\u00f6r oss, som lever i en etta ihop, att f\u00e5 sakna varandra lite.<\/span><br style=\"font-family: Courier New;\"><br style=\"font-family: Courier New;\"><font size=\"2\"><br style=\"font-family: Courier New;\"><br style=\"font-family: Courier New;\"><\/font><\/p>\n<p><a href=\"http:\/\/s.improveme.se\/data\/filearchive\/135497.0x0.jpg\" target=\"_BLANK\"><img decoding=\"async\" src=\"http:\/\/s.improveme.se\/data\/filearchive\/135497.510x0.jpg\" border=\"0\"><\/a><\/p>\n<p><font size=\"2\"><span style=\"font-family: Courier New;\">Bild: Pepes<br \/>\nBodega i B\u00e5stad d\u00e4r jag &amp; Natalie ska jobba (fr\u00e5n Finest.se)<\/span><br style=\"font-family: Courier New;\"><br \/>\n<\/font><\/p>\n","protected":false},"excerpt":{"rendered":"<p>De kommande veckorna kommer att bli grymma. F\u00f6rst Barca (p\u00e5 onsdag)en vecka och dagen efter hemkomst B\u00e5stad i 11 dagar. Rehab hela augusti m.a.o. T\u00e4nk er sj\u00e4lva mig &amp; Natalie i B\u00e5stad. Det kan ju bara sluta p\u00e5 ett s\u00e4tt. Efter B\u00e5stad \u00e5ker jag till V\u00e4xj\u00f6 i en vecka s\u00e5 sammanlagt blir det \u00f6ver 2 &#8230; <a title=\"Stockholm- Barcelona- B\u00e5stad.\" class=\"read-more\" href=\"https:\/\/blogg.improveme.se\/ellenf\/2010\/06\/27\/stockholm-barcelona-bastad\/\" aria-label=\"L\u00e4s mer om Stockholm- Barcelona- B\u00e5stad.\">L\u00e4s mer<\/a><\/p>\n","protected":false},"author":1767,"featured_media":0,"comment_status":"open","ping_status":"open","sticky":false,"template":"","format":"standard","meta":{"footnotes":""},"categories":[1],"tags":[],"class_list":["post-2005","post","type-post","status-publish","format-standard","hentry","category-okategoriserad"],"_links":{"self":[{"href":"https:\/\/blogg.improveme.se\/ellenf\/wp-json\/wp\/v2\/posts\/2005","targetHints":{"allow":["GET"]}}],"collection":[{"href":"https:\/\/blogg.improveme.se\/ellenf\/wp-json\/wp\/v2\/posts"}],"about":[{"href":"https:\/\/blogg.improveme.se\/ellenf\/wp-json\/wp\/v2\/types\/post"}],"author":[{"embeddable":true,"href":"https:\/\/blogg.improveme.se\/ellenf\/wp-json\/wp\/v2\/users\/1767"}],"replies":[{"embeddable":true,"href":"https:\/\/blogg.improveme.se\/ellenf\/wp-json\/wp\/v2\/comments?post=2005"}],"version-history":[{"count":0,"href":"https:\/\/blogg.improveme.se\/ellenf\/wp-json\/wp\/v2\/posts\/2005\/revisions"}],"wp:attachment":[{"href":"https:\/\/blogg.improveme.se\/ellenf\/wp-json\/wp\/v2\/media?parent=2005"}],"wp:term":[{"taxonomy":"category","embeddable":true,"href":"https:\/\/blogg.improveme.se\/ellenf\/wp-json\/wp\/v2\/categories?post=2005"},{"taxonomy":"post_tag","embeddable":true,"href":"https:\/\/blogg.improveme.se\/ellenf\/wp-json\/wp\/v2\/tags?post=2005"}],"curies":[{"name":"wp","href":"https:\/\/api.w.org\/{rel}","templated":true}]}}