{"id":22279,"date":"2015-01-08T00:02:40","date_gmt":"2015-01-07T22:02:40","guid":{"rendered":"http:\/\/blogg.improveme.se\/ellenf\/?p=22279"},"modified":"2015-01-08T00:20:44","modified_gmt":"2015-01-07T22:20:44","slug":"beauty-trends-som-far-stanna-kvar-i-2014","status":"publish","type":"post","link":"https:\/\/blogg.improveme.se\/ellenf\/2015\/01\/08\/beauty-trends-som-far-stanna-kvar-i-2014\/","title":{"rendered":"Beauty trends som f\u00e5r stanna kvar i 2014!"},"content":{"rendered":"<p><strong>FAN LIKE LASHES. <\/strong>Jag tror aldrig jag har burit ett par l\u00f6sfransar hela mitt liv. Fransf\u00f6rl\u00e4ngning \u00e4r inte n\u00e5got f\u00f6r mig heller d\u00e5 jag gillar naturliga fransar. Mina fransar har alltid sett ut som p\u00e5 den h\u00f6gra bilden. Nu \u00e4r min look allts\u00e5 poppis igen, enligt tidningen <strong>Cosmo<\/strong>.<\/p>\n<p>&nbsp;<\/p>\n<p><img decoding=\"async\" class=\"swap-image embedded-image--image  expandable-image lazy-loaded\" src=\"http:\/\/cos.h-cdn.co\/15\/02\/980x490\/landscape_nrm_1420489505-_lead.jpg\" alt=\"\/\" \/><\/p>\n<p>&nbsp;<\/p>\n<p><strong>THE CLAWS. <\/strong>Har aldrig f\u00f6rst\u00e5tt p\u00e5 mig trenden med spetsiga, kloliknande naglar och i \u00e5r s\u00e4ger vi hejd\u00e5 till dem! 2015\u00a0 filar vi v\u00e5ra naglar i\u00a0 samma form som v\u00e5ra nagelband (se bild nedan) f\u00f6r ett naturligt intryck!<\/p>\n<p>&nbsp;<\/p>\n<p><img decoding=\"async\" class=\"swap-image embedded-image--image  expandable-image lazy-loaded\" src=\"http:\/\/cos.h-cdn.co\/15\/02\/768x657\/gallery_nrm_1420493312-1.jpg\" alt=\"\/\" \/><\/p>\n<p>Bildk\u00e4lla: <strong>Cosmopolitan.com<\/strong><\/p>\n","protected":false},"excerpt":{"rendered":"<p>FAN LIKE LASHES. Jag tror aldrig jag har burit ett par l\u00f6sfransar hela mitt liv. Fransf\u00f6rl\u00e4ngning \u00e4r inte n\u00e5got f\u00f6r mig heller d\u00e5 jag gillar naturliga fransar. Mina fransar har alltid sett ut som p\u00e5 den h\u00f6gra bilden. Nu \u00e4r min look allts\u00e5 poppis igen, enligt tidningen Cosmo. &nbsp; &nbsp; THE CLAWS. Har aldrig f\u00f6rst\u00e5tt &#8230; <a title=\"Beauty trends som f\u00e5r stanna kvar i 2014!\" class=\"read-more\" href=\"https:\/\/blogg.improveme.se\/ellenf\/2015\/01\/08\/beauty-trends-som-far-stanna-kvar-i-2014\/\" aria-label=\"L\u00e4s mer om Beauty trends som f\u00e5r stanna kvar i 2014!\">L\u00e4s mer<\/a><\/p>\n","protected":false},"author":1767,"featured_media":0,"comment_status":"open","ping_status":"open","sticky":false,"template":"","format":"standard","meta":{"footnotes":""},"categories":[1],"tags":[],"class_list":["post-22279","post","type-post","status-publish","format-standard","hentry","category-okategoriserad"],"_links":{"self":[{"href":"https:\/\/blogg.improveme.se\/ellenf\/wp-json\/wp\/v2\/posts\/22279","targetHints":{"allow":["GET"]}}],"collection":[{"href":"https:\/\/blogg.improveme.se\/ellenf\/wp-json\/wp\/v2\/posts"}],"about":[{"href":"https:\/\/blogg.improveme.se\/ellenf\/wp-json\/wp\/v2\/types\/post"}],"author":[{"embeddable":true,"href":"https:\/\/blogg.improveme.se\/ellenf\/wp-json\/wp\/v2\/users\/1767"}],"replies":[{"embeddable":true,"href":"https:\/\/blogg.improveme.se\/ellenf\/wp-json\/wp\/v2\/comments?post=22279"}],"version-history":[{"count":0,"href":"https:\/\/blogg.improveme.se\/ellenf\/wp-json\/wp\/v2\/posts\/22279\/revisions"}],"wp:attachment":[{"href":"https:\/\/blogg.improveme.se\/ellenf\/wp-json\/wp\/v2\/media?parent=22279"}],"wp:term":[{"taxonomy":"category","embeddable":true,"href":"https:\/\/blogg.improveme.se\/ellenf\/wp-json\/wp\/v2\/categories?post=22279"},{"taxonomy":"post_tag","embeddable":true,"href":"https:\/\/blogg.improveme.se\/ellenf\/wp-json\/wp\/v2\/tags?post=22279"}],"curies":[{"name":"wp","href":"https:\/\/api.w.org\/{rel}","templated":true}]}}