{"id":22321,"date":"2015-01-10T16:03:52","date_gmt":"2015-01-10T14:03:52","guid":{"rendered":"http:\/\/blogg.improveme.se\/ellenf\/?p=22321"},"modified":"2015-01-11T21:20:58","modified_gmt":"2015-01-11T19:20:58","slug":"du-ar-inte-charlie","status":"publish","type":"post","link":"https:\/\/blogg.improveme.se\/ellenf\/2015\/01\/10\/du-ar-inte-charlie\/","title":{"rendered":"NOT AFRAID."},"content":{"rendered":"<p>&#8221;<em>Det tog n\u00e5gon dag. Tills den akuta chocken hade lagt sig. Sedan b\u00f6rjade de komma, de f\u00f6ruts\u00e4gbara men ack s\u00e5 tr\u00f6ttsamma \u2013 f\u00f6r att inte s\u00e4ga h\u00e5rresande \u2013 analyserna fr\u00e5n v\u00e4nster om allt egentligen \u00e4r kapitalismens fel. Det var de globala klassklyftorna som tvingade in tv\u00e5 m\u00e4n med automatvapen p\u00e5 redaktionen i Paris, skriver Ulf Lund\u00e9n i <a href=\"https:\/\/www.dalademokraten.se\/kultur\/fanatikerna-maste-botas\" target=\"_blank\">Dala-Demokraten<\/a>. Detta trots att de tv\u00e5 m\u00f6rdarna tillh\u00f6r en global \u00f6vre medelklass. I<a title=\"TV4play.se\" href=\"http:\/\/www.tv4play.se\/program\/nyhetsmorgon?video_id=3041283\" target=\"_blank\"> TV4<\/a> i morse sa G\u00f6ran Greider att det \u00e4r sociala klyftor i Frankrike som \u00e4r problemet, trots att Frankrike har h\u00f6gst offentliga v\u00e4lf\u00e4rdsutgifter i hela EU. Och i <a href=\"http:\/\/www.aftonbladet.se\/kultur\/kronikorer\/linderborg\/article20127548.ab\" target=\"_blank\">Aftonbladet <\/a>skriver \u00c5sa Linderborg att det \u00e4r imperialismens fel, trots att hon medger att Frankrike inte var med p\u00e5 invasionen av Irak.&#8221;<\/em><\/p>\n<p>Detta skriver bloggaren och f\u00f6rfattaren <strong>Fredrik Segerfeldt<\/strong>. Till sammanhanget h\u00f6r ocks\u00e5 att Charlie var en v\u00e4nstertidning. V\u00e4nstern har en l\u00e5ng tradition av att g\u00f6ra satir p\u00e5 religionsbasis, d\u00e5 v\u00e4nster-ideologin per definition \u00e4r emot all religion.\u00a0 (Religion \u00e4r opium f\u00f6r folket, sade Marx.) F\u00d6RUTOM i korrekthetens mest tr\u00e5nga \u00e5siktskorridor \u2013 Sverige. Samma person som hade statusuppdaterat <strong>#JeSuisCharlie <\/strong>l\u00e4nkar nu till blogginl\u00e4gg med titlar som &#8221;<a href=\"http:\/\/www.hoodedutilitarian.com\/2015\/01\/in-the-wake-of-charlie-hebdo-free-speech-does-not-mean-freedom-from-criticism\/\"><em><strong>I<\/strong><strong>n the wake of Charlie Hedbo, free speech does not mean freedom from critisism <\/strong><\/em><\/a>och raljerar \u00f6ver samh\u00e4llets oj\u00e4mlikheter och f\u00f6rtryck som f\u00f6rklaring\/f\u00f6rsvar. Inl\u00e4gget<span class=\"UFICommentBody\"> f\u00f6rd\u00f6mer d\u00e5det med EN mening i slutet. Kontentan \u00e4r att de f\u00e5r skylla sig sj\u00e4lva med tanke p\u00e5 att de provocerar i satirform. Jag har bara en sak att s\u00e4ga till en s\u00e5dan person.\u00a0 <strong>Du \u00e4r INTE Charlie. We are Charlie. <\/strong><\/span><\/p>\n<p>Vi som hellre d\u00f6r st\u00e5ende \u00e4n lever p\u00e5 kn\u00e4na.<\/p>\n<p>&nbsp;<\/p>\n<p><a href=\"http:\/\/blogg.improveme.se\/ellenf\/files\/2015\/01\/21129080.jpg\"><img loading=\"lazy\" decoding=\"async\" class=\"aligncenter size-large wp-image-22322\" src=\"http:\/\/blogg.improveme.se\/ellenf\/files\/2015\/01\/21129080-755x503.jpg\" alt=\"21129080\" width=\"755\" height=\"503\" srcset=\"https:\/\/blogg.improveme.se\/ellenf\/files\/2015\/01\/21129080-755x503.jpg 755w, https:\/\/blogg.improveme.se\/ellenf\/files\/2015\/01\/21129080-300x200.jpg 300w, https:\/\/blogg.improveme.se\/ellenf\/files\/2015\/01\/21129080.jpg 1620w\" sizes=\"auto, (max-width: 755px) 100vw, 755px\" \/><\/a><\/p>\n","protected":false},"excerpt":{"rendered":"<p>&#8221;Det tog n\u00e5gon dag. Tills den akuta chocken hade lagt sig. Sedan b\u00f6rjade de komma, de f\u00f6ruts\u00e4gbara men ack s\u00e5 tr\u00f6ttsamma \u2013 f\u00f6r att inte s\u00e4ga h\u00e5rresande \u2013 analyserna fr\u00e5n v\u00e4nster om allt egentligen \u00e4r kapitalismens fel. Det var de globala klassklyftorna som tvingade in tv\u00e5 m\u00e4n med automatvapen p\u00e5 redaktionen i Paris, skriver Ulf &#8230; <a title=\"NOT AFRAID.\" class=\"read-more\" href=\"https:\/\/blogg.improveme.se\/ellenf\/2015\/01\/10\/du-ar-inte-charlie\/\" aria-label=\"L\u00e4s mer om NOT AFRAID.\">L\u00e4s mer<\/a><\/p>\n","protected":false},"author":1767,"featured_media":0,"comment_status":"open","ping_status":"open","sticky":false,"template":"","format":"standard","meta":{"footnotes":""},"categories":[1],"tags":[],"class_list":["post-22321","post","type-post","status-publish","format-standard","hentry","category-okategoriserad"],"_links":{"self":[{"href":"https:\/\/blogg.improveme.se\/ellenf\/wp-json\/wp\/v2\/posts\/22321","targetHints":{"allow":["GET"]}}],"collection":[{"href":"https:\/\/blogg.improveme.se\/ellenf\/wp-json\/wp\/v2\/posts"}],"about":[{"href":"https:\/\/blogg.improveme.se\/ellenf\/wp-json\/wp\/v2\/types\/post"}],"author":[{"embeddable":true,"href":"https:\/\/blogg.improveme.se\/ellenf\/wp-json\/wp\/v2\/users\/1767"}],"replies":[{"embeddable":true,"href":"https:\/\/blogg.improveme.se\/ellenf\/wp-json\/wp\/v2\/comments?post=22321"}],"version-history":[{"count":0,"href":"https:\/\/blogg.improveme.se\/ellenf\/wp-json\/wp\/v2\/posts\/22321\/revisions"}],"wp:attachment":[{"href":"https:\/\/blogg.improveme.se\/ellenf\/wp-json\/wp\/v2\/media?parent=22321"}],"wp:term":[{"taxonomy":"category","embeddable":true,"href":"https:\/\/blogg.improveme.se\/ellenf\/wp-json\/wp\/v2\/categories?post=22321"},{"taxonomy":"post_tag","embeddable":true,"href":"https:\/\/blogg.improveme.se\/ellenf\/wp-json\/wp\/v2\/tags?post=22321"}],"curies":[{"name":"wp","href":"https:\/\/api.w.org\/{rel}","templated":true}]}}