{"id":22331,"date":"2015-01-11T21:16:00","date_gmt":"2015-01-11T19:16:00","guid":{"rendered":"http:\/\/blogg.improveme.se\/ellenf\/?p=22331"},"modified":"2015-01-11T21:20:16","modified_gmt":"2015-01-11T19:20:16","slug":"new-stuff-2015","status":"publish","type":"post","link":"https:\/\/blogg.improveme.se\/ellenf\/2015\/01\/11\/new-stuff-2015\/","title":{"rendered":"New stuff 2015."},"content":{"rendered":"<p><strong>\u00c4r du en person som v\u00e4ljer en svart almanacka?\u00a0 <\/strong>I choose color! Enligt <em>Chromoterapi <\/em>eller<em> f\u00e4rgpsykologi<\/em> driver r\u00f6tt p\u00e5 frig\u00f6randet av adrenalin vilket ger oss mer energi. Jag vet inte om det st\u00e4mmer men denna r\u00f6da kalender var i alla fall den snyggaste i butiken. H\u00e4r ihop med de produkter jag ska testa kommande veckan. Funderar dock p\u00e5 att v\u00e4nta med <a href=\"http:\/\/eleven.se\/revlon-professional-nutri-color-creme-002-lavender-31678.html?gclid=CjwKEAiA28ilBRCy5cXrgtfTxTISJABgX7E2ZBLX_zOdkcpGUD3Dh7vWumdWcWMKc8H_B397E39eHhoCU9Dw_wcB?utm_source=ellenfranzen&amp;utm_medium=blog&amp;utm_campaign=ellenfranzen\"><strong>REVLONS Nutri Color Creme<\/strong><\/a>, d\u00e5 jag nyligen f\u00e4rgat h\u00e5ret hos fris\u00f6ren. <strong>Nutri Color Creme<\/strong> \u00e4r en &#8221;f\u00e4rginpackning&#8221; med ganska mycket pigment i som ger silkeslent h\u00e5r plus uppfr\u00e4schning av f\u00e4rg p\u00e5 bara 3 minuter. Jag vet att det funkar f\u00f6r jag har haft denna i f\u00e4rgen <em>Lavender<\/em> innan, som ger en fantastisk, kall ton p\u00e5 blont h\u00e5r. Men nu \u00e4r det <em>Peach<\/em> som g\u00e4ller!<\/p>\n<p>Just nu lyssnar jag p\u00e5 <a href=\"3QvMhc8ZgGg8SKpGPUqFeN\"><strong>detta<\/strong><\/a>!<\/p>\n<p>&nbsp;<\/p>\n<p><a href=\"http:\/\/blogg.improveme.se\/ellenf\/files\/2015\/01\/2.jpg\"><img loading=\"lazy\" decoding=\"async\" class=\"aligncenter size-large wp-image-22332\" src=\"http:\/\/blogg.improveme.se\/ellenf\/files\/2015\/01\/2-755x566.jpg\" alt=\"-2\" width=\"755\" height=\"566\" srcset=\"https:\/\/blogg.improveme.se\/ellenf\/files\/2015\/01\/2-755x566.jpg 755w, https:\/\/blogg.improveme.se\/ellenf\/files\/2015\/01\/2-300x225.jpg 300w, https:\/\/blogg.improveme.se\/ellenf\/files\/2015\/01\/2.jpg 1024w\" sizes=\"auto, (max-width: 755px) 100vw, 755px\" \/><\/a><\/p>\n","protected":false},"excerpt":{"rendered":"<p>\u00c4r du en person som v\u00e4ljer en svart almanacka?\u00a0 I choose color! Enligt Chromoterapi eller f\u00e4rgpsykologi driver r\u00f6tt p\u00e5 frig\u00f6randet av adrenalin vilket ger oss mer energi. Jag vet inte om det st\u00e4mmer men denna r\u00f6da kalender var i alla fall den snyggaste i butiken. H\u00e4r ihop med de produkter jag ska testa kommande veckan. &#8230; <a title=\"New stuff 2015.\" class=\"read-more\" href=\"https:\/\/blogg.improveme.se\/ellenf\/2015\/01\/11\/new-stuff-2015\/\" aria-label=\"L\u00e4s mer om New stuff 2015.\">L\u00e4s mer<\/a><\/p>\n","protected":false},"author":1767,"featured_media":0,"comment_status":"open","ping_status":"open","sticky":false,"template":"","format":"standard","meta":{"footnotes":""},"categories":[6],"tags":[],"class_list":["post-22331","post","type-post","status-publish","format-standard","hentry","category-skonhet"],"_links":{"self":[{"href":"https:\/\/blogg.improveme.se\/ellenf\/wp-json\/wp\/v2\/posts\/22331","targetHints":{"allow":["GET"]}}],"collection":[{"href":"https:\/\/blogg.improveme.se\/ellenf\/wp-json\/wp\/v2\/posts"}],"about":[{"href":"https:\/\/blogg.improveme.se\/ellenf\/wp-json\/wp\/v2\/types\/post"}],"author":[{"embeddable":true,"href":"https:\/\/blogg.improveme.se\/ellenf\/wp-json\/wp\/v2\/users\/1767"}],"replies":[{"embeddable":true,"href":"https:\/\/blogg.improveme.se\/ellenf\/wp-json\/wp\/v2\/comments?post=22331"}],"version-history":[{"count":0,"href":"https:\/\/blogg.improveme.se\/ellenf\/wp-json\/wp\/v2\/posts\/22331\/revisions"}],"wp:attachment":[{"href":"https:\/\/blogg.improveme.se\/ellenf\/wp-json\/wp\/v2\/media?parent=22331"}],"wp:term":[{"taxonomy":"category","embeddable":true,"href":"https:\/\/blogg.improveme.se\/ellenf\/wp-json\/wp\/v2\/categories?post=22331"},{"taxonomy":"post_tag","embeddable":true,"href":"https:\/\/blogg.improveme.se\/ellenf\/wp-json\/wp\/v2\/tags?post=22331"}],"curies":[{"name":"wp","href":"https:\/\/api.w.org\/{rel}","templated":true}]}}