{"id":22346,"date":"2015-01-12T16:04:14","date_gmt":"2015-01-12T14:04:14","guid":{"rendered":"http:\/\/blogg.improveme.se\/ellenf\/?p=22346"},"modified":"2015-01-12T17:40:10","modified_gmt":"2015-01-12T15:40:10","slug":"lavender-hair","status":"publish","type":"post","link":"https:\/\/blogg.improveme.se\/ellenf\/2015\/01\/12\/lavender-hair\/","title":{"rendered":"Lavender Hair 2015."},"content":{"rendered":"<p>&nbsp;<\/p>\n<p><a href=\"http:\/\/blogg.improveme.se\/ellenf\/files\/2015\/01\/MEfalBVPMrrkwCpdiRB-xqJhkbOmhxWlbbLOddhG02OSl7Usb6y0piBwhxCPHjxw-gEwum2UX2OsGn14cGOgXtIucws0-d-e1-ft.jpg\"><img loading=\"lazy\" decoding=\"async\" class=\"alignleft size-full wp-image-22347\" src=\"http:\/\/blogg.improveme.se\/ellenf\/files\/2015\/01\/MEfalBVPMrrkwCpdiRB-xqJhkbOmhxWlbbLOddhG02OSl7Usb6y0piBwhxCPHjxw-gEwum2UX2OsGn14cGOgXtIucws0-d-e1-ft.jpg\" alt=\"MEfalBVPMrrkwCpdiRB-xqJhkbOmhxWlbbLOddhG02OSl7Usb6y0piBwhxCPHjxw-gEwum2UX2OsGn14cGOgXtIucw=s0-d-e1-ft\" width=\"236\" height=\"238\" srcset=\"https:\/\/blogg.improveme.se\/ellenf\/files\/2015\/01\/MEfalBVPMrrkwCpdiRB-xqJhkbOmhxWlbbLOddhG02OSl7Usb6y0piBwhxCPHjxw-gEwum2UX2OsGn14cGOgXtIucws0-d-e1-ft.jpg 236w, https:\/\/blogg.improveme.se\/ellenf\/files\/2015\/01\/MEfalBVPMrrkwCpdiRB-xqJhkbOmhxWlbbLOddhG02OSl7Usb6y0piBwhxCPHjxw-gEwum2UX2OsGn14cGOgXtIucws0-d-e1-ft-150x150.jpg 150w\" sizes=\"auto, (max-width: 236px) 100vw, 236px\" \/><\/a> Det lila h\u00e5ret som har regerat hela 2014 forts\u00e4tter in p\u00e5 detta \u00e5r. Dock \u00e4r det inte l\u00e4ngre den allra ljusaste pastellen som \u00e4r i fokus l\u00e4ngre. Trenden \u00e4r ist\u00e4llet en m\u00f6rkare lavendel, \u00e4ven kallt violetta eller m\u00f6rkbl\u00e5 partier p\u00e5 brunetter. Ikonen f\u00f6r Lavendel-trenden 2015 \u00e4r <strong>Nicole Richie <\/strong>som redan har hunnit testa flera nyanser i spektrat. Om du tycker att hela looken blir f\u00f6r mycket kan du satsa p\u00e5 en lavender ombre! F\u00f6r oss &#8221;fegisar&#8221; finns \u00e4ven <a href=\"http:\/\/beauty.theyouway.com\/sv\/product\/397\/color-bug-purple?gclid=CjwKEAiA_s2lBRCe1YPXxtSe-DcSJACCIh3LCcEyq9WmcuG9VLtjuqg3Cb8yBlUC855_zK7wwl2fHxoCmnjw_wcB\"><strong><span class=\"black-text\">KEVIN MURPHY<\/span> Color Bug <\/strong><\/a><strong>(149 SEK)<\/strong> i f\u00e4rgen <strong>Purple<\/strong> som tv\u00e4ttas ur direkt.<\/p>\n<p><a href=\"http:\/\/blogg.improveme.se\/ellenf\/files\/2015\/01\/product.png\"><img loading=\"lazy\" decoding=\"async\" class=\"aligncenter size-full wp-image-22352\" src=\"http:\/\/blogg.improveme.se\/ellenf\/files\/2015\/01\/product.png\" alt=\"product\" width=\"480\" height=\"790\" srcset=\"https:\/\/blogg.improveme.se\/ellenf\/files\/2015\/01\/product.png 480w, https:\/\/blogg.improveme.se\/ellenf\/files\/2015\/01\/product-182x300.png 182w\" sizes=\"auto, (max-width: 480px) 100vw, 480px\" \/><\/a><\/p>\n<p><a href=\"http:\/\/blogg.improveme.se\/ellenf\/files\/2015\/01\/cac9bedaa7eb40246e5cae7a2df382d0.jpg\"><img loading=\"lazy\" decoding=\"async\" class=\"aligncenter size-full wp-image-22351\" src=\"http:\/\/blogg.improveme.se\/ellenf\/files\/2015\/01\/cac9bedaa7eb40246e5cae7a2df382d0.jpg\" alt=\"cac9bedaa7eb40246e5cae7a2df382d0\" width=\"500\" height=\"500\" srcset=\"https:\/\/blogg.improveme.se\/ellenf\/files\/2015\/01\/cac9bedaa7eb40246e5cae7a2df382d0.jpg 500w, https:\/\/blogg.improveme.se\/ellenf\/files\/2015\/01\/cac9bedaa7eb40246e5cae7a2df382d0-150x150.jpg 150w, https:\/\/blogg.improveme.se\/ellenf\/files\/2015\/01\/cac9bedaa7eb40246e5cae7a2df382d0-300x300.jpg 300w\" sizes=\"auto, (max-width: 500px) 100vw, 500px\" \/><\/a><\/p>\n<p><a href=\"http:\/\/blogg.improveme.se\/ellenf\/files\/2015\/01\/14caa8e5d47eb2c28812884245b45b6d.jpg\"><img loading=\"lazy\" decoding=\"async\" class=\"aligncenter size-full wp-image-22349\" src=\"http:\/\/blogg.improveme.se\/ellenf\/files\/2015\/01\/14caa8e5d47eb2c28812884245b45b6d.jpg\" alt=\"14caa8e5d47eb2c28812884245b45b6d\" width=\"236\" height=\"236\" srcset=\"https:\/\/blogg.improveme.se\/ellenf\/files\/2015\/01\/14caa8e5d47eb2c28812884245b45b6d.jpg 236w, https:\/\/blogg.improveme.se\/ellenf\/files\/2015\/01\/14caa8e5d47eb2c28812884245b45b6d-150x150.jpg 150w\" sizes=\"auto, (max-width: 236px) 100vw, 236px\" \/><\/a><\/p>\n<p>&nbsp;<\/p>\n<p><a href=\"http:\/\/blogg.improveme.se\/ellenf\/files\/2015\/01\/2d86d3cfc071c60aad64ab3052778df7.jpg\"><img loading=\"lazy\" decoding=\"async\" class=\"aligncenter size-full wp-image-22350\" src=\"http:\/\/blogg.improveme.se\/ellenf\/files\/2015\/01\/2d86d3cfc071c60aad64ab3052778df7.jpg\" alt=\"2d86d3cfc071c60aad64ab3052778df7\" width=\"618\" height=\"957\" srcset=\"https:\/\/blogg.improveme.se\/ellenf\/files\/2015\/01\/2d86d3cfc071c60aad64ab3052778df7.jpg 618w, https:\/\/blogg.improveme.se\/ellenf\/files\/2015\/01\/2d86d3cfc071c60aad64ab3052778df7-193x300.jpg 193w\" sizes=\"auto, (max-width: 618px) 100vw, 618px\" \/><\/a><\/p>\n<p>&nbsp;<\/p>\n<p><strong>Bild nedan:<\/strong> <a href=\"http:\/\/www.cosmopolitan.com\/style-beauty\/beauty\/advice\/a34810\/beauty-trends-that-need-to-die-2015\/\"><em>Cosmopolitan<\/em><\/a><\/p>\n<p><a href=\"http:\/\/blogg.improveme.se\/ellenf\/files\/2015\/01\/gallery_nrm_1420496429-8.jpg\"><img loading=\"lazy\" decoding=\"async\" class=\"aligncenter size-large wp-image-22348\" src=\"http:\/\/blogg.improveme.se\/ellenf\/files\/2015\/01\/gallery_nrm_1420496429-8-755x645.jpg\" alt=\"gallery_nrm_1420496429-8\" width=\"755\" height=\"645\" srcset=\"https:\/\/blogg.improveme.se\/ellenf\/files\/2015\/01\/gallery_nrm_1420496429-8-755x645.jpg 755w, https:\/\/blogg.improveme.se\/ellenf\/files\/2015\/01\/gallery_nrm_1420496429-8-300x256.jpg 300w, https:\/\/blogg.improveme.se\/ellenf\/files\/2015\/01\/gallery_nrm_1420496429-8.jpg 768w\" sizes=\"auto, (max-width: 755px) 100vw, 755px\" \/><\/a><\/p>\n<p>&nbsp;<\/p>\n","protected":false},"excerpt":{"rendered":"<p>&nbsp; Det lila h\u00e5ret som har regerat hela 2014 forts\u00e4tter in p\u00e5 detta \u00e5r. Dock \u00e4r det inte l\u00e4ngre den allra ljusaste pastellen som \u00e4r i fokus l\u00e4ngre. Trenden \u00e4r ist\u00e4llet en m\u00f6rkare lavendel, \u00e4ven kallt violetta eller m\u00f6rkbl\u00e5 partier p\u00e5 brunetter. Ikonen f\u00f6r Lavendel-trenden 2015 \u00e4r Nicole Richie som redan har hunnit testa flera &#8230; <a title=\"Lavender Hair 2015.\" class=\"read-more\" href=\"https:\/\/blogg.improveme.se\/ellenf\/2015\/01\/12\/lavender-hair\/\" aria-label=\"L\u00e4s mer om Lavender Hair 2015.\">L\u00e4s mer<\/a><\/p>\n","protected":false},"author":1767,"featured_media":0,"comment_status":"open","ping_status":"open","sticky":false,"template":"","format":"standard","meta":{"footnotes":""},"categories":[6],"tags":[],"class_list":["post-22346","post","type-post","status-publish","format-standard","hentry","category-skonhet"],"_links":{"self":[{"href":"https:\/\/blogg.improveme.se\/ellenf\/wp-json\/wp\/v2\/posts\/22346","targetHints":{"allow":["GET"]}}],"collection":[{"href":"https:\/\/blogg.improveme.se\/ellenf\/wp-json\/wp\/v2\/posts"}],"about":[{"href":"https:\/\/blogg.improveme.se\/ellenf\/wp-json\/wp\/v2\/types\/post"}],"author":[{"embeddable":true,"href":"https:\/\/blogg.improveme.se\/ellenf\/wp-json\/wp\/v2\/users\/1767"}],"replies":[{"embeddable":true,"href":"https:\/\/blogg.improveme.se\/ellenf\/wp-json\/wp\/v2\/comments?post=22346"}],"version-history":[{"count":0,"href":"https:\/\/blogg.improveme.se\/ellenf\/wp-json\/wp\/v2\/posts\/22346\/revisions"}],"wp:attachment":[{"href":"https:\/\/blogg.improveme.se\/ellenf\/wp-json\/wp\/v2\/media?parent=22346"}],"wp:term":[{"taxonomy":"category","embeddable":true,"href":"https:\/\/blogg.improveme.se\/ellenf\/wp-json\/wp\/v2\/categories?post=22346"},{"taxonomy":"post_tag","embeddable":true,"href":"https:\/\/blogg.improveme.se\/ellenf\/wp-json\/wp\/v2\/tags?post=22346"}],"curies":[{"name":"wp","href":"https:\/\/api.w.org\/{rel}","templated":true}]}}