{"id":22385,"date":"2015-01-14T11:24:27","date_gmt":"2015-01-14T09:24:27","guid":{"rendered":"http:\/\/blogg.improveme.se\/ellenf\/?p=22385"},"modified":"2015-01-14T11:24:27","modified_gmt":"2015-01-14T09:24:27","slug":"cutera-excel-v-laser-mot-rodnader-vuxen-acne-och-pigmentflackar","status":"publish","type":"post","link":"https:\/\/blogg.improveme.se\/ellenf\/2015\/01\/14\/cutera-excel-v-laser-mot-rodnader-vuxen-acne-och-pigmentflackar\/","title":{"rendered":"CUTERA EXCEL V laser mot rodnader, vuxen-acne och pigmentfl\u00e4ckar"},"content":{"rendered":"<p><a href=\"http:\/\/blogg.improveme.se\/ellenf\/files\/2015\/01\/9T19-tgnYSwUHdR_6u2_dZ3KkbNseKjVkhJkHau-zE4m3e43mi1hH6n24VjuNsREKoC8goNAMF_4elbxgEUMAGYTV_KzYXR7Yqr-I250rdZ8NQxXDJHfY8phoN_KH7Ew-bXqmbNxcWtVlmmOQs0-d-e1-ft.jpg\"><img loading=\"lazy\" decoding=\"async\" class=\"alignleft size-full wp-image-22386\" src=\"http:\/\/blogg.improveme.se\/ellenf\/files\/2015\/01\/9T19-tgnYSwUHdR_6u2_dZ3KkbNseKjVkhJkHau-zE4m3e43mi1hH6n24VjuNsREKoC8goNAMF_4elbxgEUMAGYTV_KzYXR7Yqr-I250rdZ8NQxXDJHfY8phoN_KH7Ew-bXqmbNxcWtVlmmOQs0-d-e1-ft.jpg\" alt=\"_9T19-tgnYSwUHdR_6u2_dZ3KkbNseKjVkhJkHau-zE4m3e43mi1hH6n24VjuNsREKoC8goNAMF_4elbxgEUMAGYTV_KzYXR7Yqr-I250rdZ8NQxXDJHfY8phoN_KH7Ew-bXqmbNxcWtVlmmOQ=s0-d-e1-ft\" width=\"454\" height=\"302\" srcset=\"https:\/\/blogg.improveme.se\/ellenf\/files\/2015\/01\/9T19-tgnYSwUHdR_6u2_dZ3KkbNseKjVkhJkHau-zE4m3e43mi1hH6n24VjuNsREKoC8goNAMF_4elbxgEUMAGYTV_KzYXR7Yqr-I250rdZ8NQxXDJHfY8phoN_KH7Ew-bXqmbNxcWtVlmmOQs0-d-e1-ft.jpg 454w, https:\/\/blogg.improveme.se\/ellenf\/files\/2015\/01\/9T19-tgnYSwUHdR_6u2_dZ3KkbNseKjVkhJkHau-zE4m3e43mi1hH6n24VjuNsREKoC8goNAMF_4elbxgEUMAGYTV_KzYXR7Yqr-I250rdZ8NQxXDJHfY8phoN_KH7Ew-bXqmbNxcWtVlmmOQs0-d-e1-ft-300x199.jpg 300w\" sizes=\"auto, (max-width: 454px) 100vw, 454px\" \/><\/a>\u00a0 <a href=\"http:\/\/www.drtore.com\/\"><strong>Dr Tore Nielsen<\/strong><\/a> i V\u00e4xj\u00f6 \u00e4r ju k\u00e4nd f\u00f6r att st\u00e5 i t\u00e4ten f\u00f6r laserbehandlingar, och nu \u00e4r han f\u00f6rst i Skandinavien med <strong>CUTERA EXCEL V<\/strong>. Denna nyare lasertyp utlovar en fem g\u00e5ng h\u00f6gre absorption i hudens rodnad \u00e4n den traditionellt anv\u00e4nda f\u00e4rg\u00e4mne-lasern. F\u00f6r patienter med missf\u00e4rgningar i huden (rosacea, acne\u00e4rr, k\u00e4rlbristningar, pigmentfl\u00e4ckar) inneb\u00e4r det f\u00e4rre behandlingar och b\u00e4ttre effekt!<\/p>\n<p><strong>Vill \u00e4ven tipsa om deras digitala hudanalys <\/strong>som nu kostar 395 SEK (Ord. pris 495 SEK)<\/p>\n<p>Analysen sker p\u00e5 tidsbokning och utf\u00f6rs av en av klinikens sk\u00f6terskor. Du f\u00e5r en timmes samtal och r\u00e5dgivning, inklusive bilder och f\u00f6rslag p\u00e5 personlig behandlingsplan. Bra n\u00e4r man \u00e4r missn\u00f6jd med sin hud men inte vet vad som \u00e4r orsaken eller vilken behandling som passar b\u00e4st.<\/p>\n<p><strong>\u00a0<\/strong><\/p>\n<p style=\"padding: 0;color: #555555;font-family: 'Helvetica Neue',Helvetica,Arial,sans-serif;font-size: 13px;line-height: 18px;margin: 0 0 9px\">\n<p>&nbsp;<\/p>\n","protected":false},"excerpt":{"rendered":"<p>\u00a0 Dr Tore Nielsen i V\u00e4xj\u00f6 \u00e4r ju k\u00e4nd f\u00f6r att st\u00e5 i t\u00e4ten f\u00f6r laserbehandlingar, och nu \u00e4r han f\u00f6rst i Skandinavien med CUTERA EXCEL V. Denna nyare lasertyp utlovar en fem g\u00e5ng h\u00f6gre absorption i hudens rodnad \u00e4n den traditionellt anv\u00e4nda f\u00e4rg\u00e4mne-lasern. F\u00f6r patienter med missf\u00e4rgningar i huden (rosacea, acne\u00e4rr, k\u00e4rlbristningar, pigmentfl\u00e4ckar) inneb\u00e4r &#8230; <a title=\"CUTERA EXCEL V laser mot rodnader, vuxen-acne och pigmentfl\u00e4ckar\" class=\"read-more\" href=\"https:\/\/blogg.improveme.se\/ellenf\/2015\/01\/14\/cutera-excel-v-laser-mot-rodnader-vuxen-acne-och-pigmentflackar\/\" aria-label=\"L\u00e4s mer om CUTERA EXCEL V laser mot rodnader, vuxen-acne och pigmentfl\u00e4ckar\">L\u00e4s mer<\/a><\/p>\n","protected":false},"author":1767,"featured_media":0,"comment_status":"open","ping_status":"open","sticky":false,"template":"","format":"standard","meta":{"footnotes":""},"categories":[4,6],"tags":[],"class_list":["post-22385","post","type-post","status-publish","format-standard","hentry","category-personligt","category-skonhet"],"_links":{"self":[{"href":"https:\/\/blogg.improveme.se\/ellenf\/wp-json\/wp\/v2\/posts\/22385","targetHints":{"allow":["GET"]}}],"collection":[{"href":"https:\/\/blogg.improveme.se\/ellenf\/wp-json\/wp\/v2\/posts"}],"about":[{"href":"https:\/\/blogg.improveme.se\/ellenf\/wp-json\/wp\/v2\/types\/post"}],"author":[{"embeddable":true,"href":"https:\/\/blogg.improveme.se\/ellenf\/wp-json\/wp\/v2\/users\/1767"}],"replies":[{"embeddable":true,"href":"https:\/\/blogg.improveme.se\/ellenf\/wp-json\/wp\/v2\/comments?post=22385"}],"version-history":[{"count":0,"href":"https:\/\/blogg.improveme.se\/ellenf\/wp-json\/wp\/v2\/posts\/22385\/revisions"}],"wp:attachment":[{"href":"https:\/\/blogg.improveme.se\/ellenf\/wp-json\/wp\/v2\/media?parent=22385"}],"wp:term":[{"taxonomy":"category","embeddable":true,"href":"https:\/\/blogg.improveme.se\/ellenf\/wp-json\/wp\/v2\/categories?post=22385"},{"taxonomy":"post_tag","embeddable":true,"href":"https:\/\/blogg.improveme.se\/ellenf\/wp-json\/wp\/v2\/tags?post=22385"}],"curies":[{"name":"wp","href":"https:\/\/api.w.org\/{rel}","templated":true}]}}