{"id":22407,"date":"2015-01-16T17:25:39","date_gmt":"2015-01-16T15:25:39","guid":{"rendered":"http:\/\/blogg.improveme.se\/ellenf\/?p=22407"},"modified":"2015-01-16T17:58:36","modified_gmt":"2015-01-16T15:58:36","slug":"a-rebel-without-a-coral","status":"publish","type":"post","link":"https:\/\/blogg.improveme.se\/ellenf\/2015\/01\/16\/a-rebel-without-a-coral\/","title":{"rendered":"A Rebel Without a Coral!"},"content":{"rendered":"<p><a href=\"http:\/\/blogg.improveme.se\/ellenf\/files\/2015\/01\/CR_Coral_250x200-1.jpg\"><img loading=\"lazy\" decoding=\"async\" class=\"alignleft size-full wp-image-22413\" src=\"http:\/\/blogg.improveme.se\/ellenf\/files\/2015\/01\/CR_Coral_250x200-1.jpg\" alt=\"CR_Coral_250x200-1\" width=\"250\" height=\"200\" \/><\/a>\u00a0 Testade <strong>Redkens<\/strong> nya h\u00e5r-makeup,<strong> Color Rebel 225), <\/strong>i nyansen <em><strong>Rebel withour a Coral <\/strong><\/em>p\u00e5 en av fris\u00f6rerna p\u00e5 salong Carpe Diem och det s\u00e5g ut\u00a0 s\u00e5 h\u00e4r! H\u00e5ller 1-2 tv\u00e4ttar och finns i fyra andra nyanser. Vill passa p\u00e5 att \u00f6nska alla en helt underbar helg!<\/p>\n<p><strong>\u00a0 I know mine will be!<\/strong><\/p>\n<p>&nbsp;<\/p>\n<p><a href=\"http:\/\/blogg.improveme.se\/ellenf\/files\/2015\/01\/10578099_10152708067990415_647668524_n-11.jpg\"><img loading=\"lazy\" decoding=\"async\" class=\"aligncenter size-large wp-image-22408\" src=\"http:\/\/blogg.improveme.se\/ellenf\/files\/2015\/01\/10578099_10152708067990415_647668524_n-11-755x755.jpg\" alt=\"10578099_10152708067990415_647668524_n-1\" width=\"755\" height=\"755\" srcset=\"https:\/\/blogg.improveme.se\/ellenf\/files\/2015\/01\/10578099_10152708067990415_647668524_n-11-755x755.jpg 755w, https:\/\/blogg.improveme.se\/ellenf\/files\/2015\/01\/10578099_10152708067990415_647668524_n-11-150x150.jpg 150w, https:\/\/blogg.improveme.se\/ellenf\/files\/2015\/01\/10578099_10152708067990415_647668524_n-11-300x300.jpg 300w, https:\/\/blogg.improveme.se\/ellenf\/files\/2015\/01\/10578099_10152708067990415_647668524_n-11.jpg 960w\" sizes=\"auto, (max-width: 755px) 100vw, 755px\" \/><\/a><\/p>\n","protected":false},"excerpt":{"rendered":"<p>\u00a0 Testade Redkens nya h\u00e5r-makeup, Color Rebel 225), i nyansen Rebel withour a Coral p\u00e5 en av fris\u00f6rerna p\u00e5 salong Carpe Diem och det s\u00e5g ut\u00a0 s\u00e5 h\u00e4r! H\u00e5ller 1-2 tv\u00e4ttar och finns i fyra andra nyanser. Vill passa p\u00e5 att \u00f6nska alla en helt underbar helg! \u00a0 I know mine will be! &nbsp;<\/p>\n","protected":false},"author":1767,"featured_media":0,"comment_status":"open","ping_status":"open","sticky":false,"template":"","format":"standard","meta":{"footnotes":""},"categories":[6],"tags":[],"class_list":["post-22407","post","type-post","status-publish","format-standard","hentry","category-skonhet"],"_links":{"self":[{"href":"https:\/\/blogg.improveme.se\/ellenf\/wp-json\/wp\/v2\/posts\/22407","targetHints":{"allow":["GET"]}}],"collection":[{"href":"https:\/\/blogg.improveme.se\/ellenf\/wp-json\/wp\/v2\/posts"}],"about":[{"href":"https:\/\/blogg.improveme.se\/ellenf\/wp-json\/wp\/v2\/types\/post"}],"author":[{"embeddable":true,"href":"https:\/\/blogg.improveme.se\/ellenf\/wp-json\/wp\/v2\/users\/1767"}],"replies":[{"embeddable":true,"href":"https:\/\/blogg.improveme.se\/ellenf\/wp-json\/wp\/v2\/comments?post=22407"}],"version-history":[{"count":0,"href":"https:\/\/blogg.improveme.se\/ellenf\/wp-json\/wp\/v2\/posts\/22407\/revisions"}],"wp:attachment":[{"href":"https:\/\/blogg.improveme.se\/ellenf\/wp-json\/wp\/v2\/media?parent=22407"}],"wp:term":[{"taxonomy":"category","embeddable":true,"href":"https:\/\/blogg.improveme.se\/ellenf\/wp-json\/wp\/v2\/categories?post=22407"},{"taxonomy":"post_tag","embeddable":true,"href":"https:\/\/blogg.improveme.se\/ellenf\/wp-json\/wp\/v2\/tags?post=22407"}],"curies":[{"name":"wp","href":"https:\/\/api.w.org\/{rel}","templated":true}]}}