{"id":23768,"date":"2015-05-09T14:12:49","date_gmt":"2015-05-09T12:12:49","guid":{"rendered":"http:\/\/blogg.improveme.se\/ellenf\/?p=23768"},"modified":"2015-05-09T14:24:07","modified_gmt":"2015-05-09T12:24:07","slug":"feeling-french","status":"publish","type":"post","link":"https:\/\/blogg.improveme.se\/ellenf\/2015\/05\/09\/feeling-french\/","title":{"rendered":"Feeling french!"},"content":{"rendered":"<p>K\u00f6r p\u00e5 franskt tema idag! Franskt ros\u00e9, le chrimp, kl\u00e4nning fr\u00e5n La Redoute samt v\u00e4ska + armband fr\u00e5n Louis Vuitton. Vinglaset \u00e4r dock &#8221;Remmare&#8221; som har sitt ursprung i Tyskland och mobilfodralet \u00e4r Marc Jacobs s\u00e5 vi kan bredda det till &#8221;europeiskt&#8221;. Det \u00e4r trots allt 9 maj vilket \u00e4r Europadagen om nu n\u00e5gon skulle vara intresserad av det. F\u00f6r vinintresserade kan jag rekommendera ett nylanserat, somrigt vin ur best\u00e4llningssortimentet \u2013 n\u00e4mligen <strong>Petite Faiblesse Ros\u00e9 (72374<span style=\"font-size: 14px\"><span lang=\"SV\" style=\"font-size: 10pt;font-family: Calibri,sans-serif;color: #222222;background-color: white\">). <strong>Petite Faiblesse<\/strong> <\/span><\/span><\/strong>\u00e4r ett\u00a0 mycket friskt och b\u00e4rigt ros\u00e9, gjort p\u00e5 druvorna Merlot och Cabernet Sauvignon. Vinet har en svag ljusrosa f\u00e4rg (som det ska vara) med en sval nyans av aprikos. Passar utm\u00e4rkt som ap\u00e9ritif eller l\u00e4ttare r\u00e4tter som tapas, sallader, skaldjur eller asiatiskt. Prisv\u00e4rt och l\u00e4ttdrucket!<\/p>\n<p><strong>Alkoholhalt:<\/strong> 10,5 %<\/p>\n<p><strong>Pris:<\/strong> 75 SEK<\/p>\n<p>&nbsp;<\/p>\n<p><a href=\"http:\/\/blogg.improveme.se\/ellenf\/files\/2015\/05\/photo79.jpg\"><img loading=\"lazy\" decoding=\"async\" class=\"aligncenter size-full wp-image-23769\" src=\"http:\/\/blogg.improveme.se\/ellenf\/files\/2015\/05\/photo79.jpg\" alt=\"photo(79)\" width=\"640\" height=\"858\" srcset=\"https:\/\/blogg.improveme.se\/ellenf\/files\/2015\/05\/photo79.jpg 640w, https:\/\/blogg.improveme.se\/ellenf\/files\/2015\/05\/photo79-223x300.jpg 223w\" sizes=\"auto, (max-width: 640px) 100vw, 640px\" \/><\/a><\/p>\n<p><a href=\"http:\/\/blogg.improveme.se\/ellenf\/files\/2015\/05\/photo139.jpg\"><img loading=\"lazy\" decoding=\"async\" class=\"aligncenter size-large wp-image-23770\" src=\"http:\/\/blogg.improveme.se\/ellenf\/files\/2015\/05\/photo139-755x1006.jpg\" alt=\"photo(139)\" width=\"755\" height=\"1006\" srcset=\"https:\/\/blogg.improveme.se\/ellenf\/files\/2015\/05\/photo139-755x1006.jpg 755w, https:\/\/blogg.improveme.se\/ellenf\/files\/2015\/05\/photo139-225x300.jpg 225w, https:\/\/blogg.improveme.se\/ellenf\/files\/2015\/05\/photo139.jpg 975w\" sizes=\"auto, (max-width: 755px) 100vw, 755px\" \/><\/a><\/p>\n<p><a href=\"http:\/\/blogg.improveme.se\/ellenf\/files\/2015\/05\/bild11.jpg\"><img loading=\"lazy\" decoding=\"async\" class=\"aligncenter size-large wp-image-23771\" src=\"http:\/\/blogg.improveme.se\/ellenf\/files\/2015\/05\/bild11.jpg\" alt=\"bild(11)\" width=\"640\" height=\"757\" srcset=\"https:\/\/blogg.improveme.se\/ellenf\/files\/2015\/05\/bild11.jpg 640w, https:\/\/blogg.improveme.se\/ellenf\/files\/2015\/05\/bild11-253x300.jpg 253w\" sizes=\"auto, (max-width: 640px) 100vw, 640px\" \/><\/a><\/p>\n","protected":false},"excerpt":{"rendered":"<p>K\u00f6r p\u00e5 franskt tema idag! Franskt ros\u00e9, le chrimp, kl\u00e4nning fr\u00e5n La Redoute samt v\u00e4ska + armband fr\u00e5n Louis Vuitton. Vinglaset \u00e4r dock &#8221;Remmare&#8221; som har sitt ursprung i Tyskland och mobilfodralet \u00e4r Marc Jacobs s\u00e5 vi kan bredda det till &#8221;europeiskt&#8221;. Det \u00e4r trots allt 9 maj vilket \u00e4r Europadagen om nu n\u00e5gon skulle &#8230; <a title=\"Feeling french!\" class=\"read-more\" href=\"https:\/\/blogg.improveme.se\/ellenf\/2015\/05\/09\/feeling-french\/\" aria-label=\"L\u00e4s mer om Feeling french!\">L\u00e4s mer<\/a><\/p>\n","protected":false},"author":1767,"featured_media":0,"comment_status":"open","ping_status":"open","sticky":false,"template":"","format":"standard","meta":{"footnotes":""},"categories":[1],"tags":[],"class_list":["post-23768","post","type-post","status-publish","format-standard","hentry","category-okategoriserad"],"_links":{"self":[{"href":"https:\/\/blogg.improveme.se\/ellenf\/wp-json\/wp\/v2\/posts\/23768","targetHints":{"allow":["GET"]}}],"collection":[{"href":"https:\/\/blogg.improveme.se\/ellenf\/wp-json\/wp\/v2\/posts"}],"about":[{"href":"https:\/\/blogg.improveme.se\/ellenf\/wp-json\/wp\/v2\/types\/post"}],"author":[{"embeddable":true,"href":"https:\/\/blogg.improveme.se\/ellenf\/wp-json\/wp\/v2\/users\/1767"}],"replies":[{"embeddable":true,"href":"https:\/\/blogg.improveme.se\/ellenf\/wp-json\/wp\/v2\/comments?post=23768"}],"version-history":[{"count":0,"href":"https:\/\/blogg.improveme.se\/ellenf\/wp-json\/wp\/v2\/posts\/23768\/revisions"}],"wp:attachment":[{"href":"https:\/\/blogg.improveme.se\/ellenf\/wp-json\/wp\/v2\/media?parent=23768"}],"wp:term":[{"taxonomy":"category","embeddable":true,"href":"https:\/\/blogg.improveme.se\/ellenf\/wp-json\/wp\/v2\/categories?post=23768"},{"taxonomy":"post_tag","embeddable":true,"href":"https:\/\/blogg.improveme.se\/ellenf\/wp-json\/wp\/v2\/tags?post=23768"}],"curies":[{"name":"wp","href":"https:\/\/api.w.org\/{rel}","templated":true}]}}