{"id":23786,"date":"2015-05-09T18:29:32","date_gmt":"2015-05-09T16:29:32","guid":{"rendered":"http:\/\/blogg.improveme.se\/ellenf\/?p=23786"},"modified":"2015-05-09T19:03:58","modified_gmt":"2015-05-09T17:03:58","slug":"youre-a-poet-and-you-know-it","status":"publish","type":"post","link":"https:\/\/blogg.improveme.se\/ellenf\/2015\/05\/09\/youre-a-poet-and-you-know-it\/","title":{"rendered":"You&#8217;re a poet. And you DO know it&#8230;"},"content":{"rendered":"<p>Min l\u00e4sare M.L undrade vad min mammas bok heter samt bad om ett smakprov. Den sl\u00e4pps n\u00e4sta m\u00e5nad men har n\u00e5gra f\u00f6rtryckta press-ex hemma som s\u00e4ljes f\u00f6r 50 SEK om n\u00e5gon \u00e4r intresserad. Klippte in n\u00e5gra meningar fr\u00e5n den s\u00e5 ni f\u00e5r en k\u00e4nsla f\u00f6r stilen. Tr\u00e4ffar man min mamma \u00e4r hon en blond, lite f\u00f6rvirrad a la Montazami. Man skulle aldrig kunna tro att hon faktiskt \u00e4r riktigt djup och filosofisk. Hon har en v\u00e4ldigt &#8221;modern&#8221; skrivstil, men jag har \u00e4ven en nationalromantisk poet i &#8221;familjen.&#8221; Ni kan f\u00e5 l\u00e4sa n\u00e5gra rader Oscar sl\u00e4ngde ihop till mig efter att vi (mest jag) hade br\u00e5kat.<\/p>\n<p>&nbsp;<\/p>\n<p><strong>&#8221;Likt vitsippan st\u00e5r i v\u00e5rens blom en fager m\u00f6,<\/strong><br \/>\n<strong> Str\u00e4ckan \u00e4r stor och l\u00e4ngtan d\u00e4rtill;<\/strong><br \/>\n<strong> Jag finns i Lule\u00e5 och hon finns i V\u00e4xj\u00f6:<\/strong><br \/>\n<strong> Att ses alltf\u00f6r s\u00e4llan f\u00e5r tiden att st\u00e5 still.<\/strong><\/p>\n<p><strong> \u00d6nskan \u00e4r gammal, relationen \u00e4r ung,<\/strong><br \/>\n<strong> K\u00e4rleken l\u00e4tt, ambitionen tung;<\/strong><br \/>\n<strong> Som ett norrsken i m\u00f6rkret, en lysande fackla:<\/strong><br \/>\n<strong> Starkt lyser skenet men stundom det vackla.<\/strong><\/p>\n<p><strong> Jag tar med allt som sagts likt glosor,<\/strong><br \/>\n<strong> Det m\u00e5h\u00e4nda f\u00f6r dig \u00e4r av liten vikt;<\/strong><br \/>\n<strong> Men jag uttrycker mig genom dikt,<\/strong><br \/>\n<strong> Ej genom rosor.&#8221;<\/strong><\/p>\n<p>&nbsp;<\/p>\n<p>&nbsp;<\/p>\n<p><a href=\"http:\/\/blogg.improveme.se\/ellenf\/files\/2015\/05\/bild123.jpg\"><img loading=\"lazy\" decoding=\"async\" class=\"aligncenter size-large wp-image-23787\" src=\"http:\/\/blogg.improveme.se\/ellenf\/files\/2015\/05\/bild123-755x755.jpg\" alt=\"Processed with Moldiv\" width=\"755\" height=\"755\" srcset=\"https:\/\/blogg.improveme.se\/ellenf\/files\/2015\/05\/bild123-755x755.jpg 755w, https:\/\/blogg.improveme.se\/ellenf\/files\/2015\/05\/bild123-150x150.jpg 150w, https:\/\/blogg.improveme.se\/ellenf\/files\/2015\/05\/bild123-300x300.jpg 300w, https:\/\/blogg.improveme.se\/ellenf\/files\/2015\/05\/bild123.jpg 1300w\" sizes=\"auto, (max-width: 755px) 100vw, 755px\" \/><\/a><\/p>\n","protected":false},"excerpt":{"rendered":"<p>Min l\u00e4sare M.L undrade vad min mammas bok heter samt bad om ett smakprov. Den sl\u00e4pps n\u00e4sta m\u00e5nad men har n\u00e5gra f\u00f6rtryckta press-ex hemma som s\u00e4ljes f\u00f6r 50 SEK om n\u00e5gon \u00e4r intresserad. Klippte in n\u00e5gra meningar fr\u00e5n den s\u00e5 ni f\u00e5r en k\u00e4nsla f\u00f6r stilen. Tr\u00e4ffar man min mamma \u00e4r hon en blond, lite &#8230; <a title=\"You&#8217;re a poet. And you DO know it&#8230;\" class=\"read-more\" href=\"https:\/\/blogg.improveme.se\/ellenf\/2015\/05\/09\/youre-a-poet-and-you-know-it\/\" aria-label=\"L\u00e4s mer om You&#8217;re a poet. And you DO know it&#8230;\">L\u00e4s mer<\/a><\/p>\n","protected":false},"author":1767,"featured_media":0,"comment_status":"open","ping_status":"open","sticky":false,"template":"","format":"standard","meta":{"footnotes":""},"categories":[1],"tags":[],"class_list":["post-23786","post","type-post","status-publish","format-standard","hentry","category-okategoriserad"],"_links":{"self":[{"href":"https:\/\/blogg.improveme.se\/ellenf\/wp-json\/wp\/v2\/posts\/23786","targetHints":{"allow":["GET"]}}],"collection":[{"href":"https:\/\/blogg.improveme.se\/ellenf\/wp-json\/wp\/v2\/posts"}],"about":[{"href":"https:\/\/blogg.improveme.se\/ellenf\/wp-json\/wp\/v2\/types\/post"}],"author":[{"embeddable":true,"href":"https:\/\/blogg.improveme.se\/ellenf\/wp-json\/wp\/v2\/users\/1767"}],"replies":[{"embeddable":true,"href":"https:\/\/blogg.improveme.se\/ellenf\/wp-json\/wp\/v2\/comments?post=23786"}],"version-history":[{"count":0,"href":"https:\/\/blogg.improveme.se\/ellenf\/wp-json\/wp\/v2\/posts\/23786\/revisions"}],"wp:attachment":[{"href":"https:\/\/blogg.improveme.se\/ellenf\/wp-json\/wp\/v2\/media?parent=23786"}],"wp:term":[{"taxonomy":"category","embeddable":true,"href":"https:\/\/blogg.improveme.se\/ellenf\/wp-json\/wp\/v2\/categories?post=23786"},{"taxonomy":"post_tag","embeddable":true,"href":"https:\/\/blogg.improveme.se\/ellenf\/wp-json\/wp\/v2\/tags?post=23786"}],"curies":[{"name":"wp","href":"https:\/\/api.w.org\/{rel}","templated":true}]}}