{"id":24249,"date":"2015-07-05T11:05:02","date_gmt":"2015-07-05T09:05:02","guid":{"rendered":"http:\/\/blogg.improveme.se\/ellenf\/?p=24249"},"modified":"2015-07-05T11:05:02","modified_gmt":"2015-07-05T09:05:02","slug":"update-weekend-copenhagen","status":"publish","type":"post","link":"https:\/\/blogg.improveme.se\/ellenf\/2015\/07\/05\/update-weekend-copenhagen\/","title":{"rendered":"Update: Weekend Copenhagen"},"content":{"rendered":"<p>Har haft den b\u00e4sta helgen i \u00e5r so far! Jag \u00e4lskar Danmark till att b\u00f6rja med och sedan hade jag v\u00e4rldens trevligaste s\u00e4llskap; n\u00e5gra italienska v\u00e4nner som fl\u00f6g hit bara f\u00f6r att tr\u00e4ffa mig och se Danmark (de hade aldrig varit h\u00e4r innan). Deras plan var f\u00f6rsenat s\u00e5 jag fick v\u00e4nta en timme p\u00e5 flygplatsen. Men just <strong>Arrivals <\/strong>at Kastrup \u00e4r en av mina favoritplatser p\u00e5 jorden. Jag kan st\u00e5 och bara titta p\u00e5 alla gl\u00e4dje och k\u00e4rlek (och positiv nationalism) och k\u00e4nna mig alldeles lycklig. <strong>Love Actually. <\/strong>Vi bodde sedan p\u00e5 ett helt fantastiskt hotell, <strong>Axel Guldsmeden<\/strong>, med v\u00e4rldens mysigaste bakg\u00e5rd med lounge upplyst av lyktor till sent p\u00e5 natten, restaurang samt spa. Allt som serveras d\u00e4r \u00e4r ekologisk eller organiskt. I love that!<\/p>\n<p>&nbsp;<\/p>\n<p><a href=\"http:\/\/blogg.improveme.se\/ellenf\/files\/2015\/07\/11009887_10153396949455993_1970927142890617956_n.jpg\"><img loading=\"lazy\" decoding=\"async\" class=\"aligncenter size-large wp-image-24250\" src=\"http:\/\/blogg.improveme.se\/ellenf\/files\/2015\/07\/11009887_10153396949455993_1970927142890617956_n-755x755.jpg\" alt=\"11009887_10153396949455993_1970927142890617956_n\" width=\"755\" height=\"755\" srcset=\"https:\/\/blogg.improveme.se\/ellenf\/files\/2015\/07\/11009887_10153396949455993_1970927142890617956_n-755x755.jpg 755w, https:\/\/blogg.improveme.se\/ellenf\/files\/2015\/07\/11009887_10153396949455993_1970927142890617956_n-150x150.jpg 150w, https:\/\/blogg.improveme.se\/ellenf\/files\/2015\/07\/11009887_10153396949455993_1970927142890617956_n-300x300.jpg 300w, https:\/\/blogg.improveme.se\/ellenf\/files\/2015\/07\/11009887_10153396949455993_1970927142890617956_n.jpg 960w\" sizes=\"auto, (max-width: 755px) 100vw, 755px\" \/><\/a>Axel Guldsmedens Organic Kitchen. Vi gick sedan ut till en lokal bar f\u00f6r lite drinkar.<\/p>\n<p>&nbsp;<\/p>\n<p><a href=\"http:\/\/blogg.improveme.se\/ellenf\/files\/2015\/07\/11694859_10153397529330993_6256667632982526035_n-1.jpg\"><img loading=\"lazy\" decoding=\"async\" class=\"aligncenter size-full wp-image-24251\" src=\"http:\/\/blogg.improveme.se\/ellenf\/files\/2015\/07\/11694859_10153397529330993_6256667632982526035_n-1.jpg\" alt=\"11694859_10153397529330993_6256667632982526035_n-1\" width=\"640\" height=\"640\" srcset=\"https:\/\/blogg.improveme.se\/ellenf\/files\/2015\/07\/11694859_10153397529330993_6256667632982526035_n-1.jpg 640w, https:\/\/blogg.improveme.se\/ellenf\/files\/2015\/07\/11694859_10153397529330993_6256667632982526035_n-1-150x150.jpg 150w, https:\/\/blogg.improveme.se\/ellenf\/files\/2015\/07\/11694859_10153397529330993_6256667632982526035_n-1-300x300.jpg 300w\" sizes=\"auto, (max-width: 640px) 100vw, 640px\" \/><\/a><\/p>\n<p>Frukosten var helt amazing! \u00c5t till och med bacon d\u00e5 det stod p\u00e5 skylten bredvid att den kom fr\u00e5n &#8221;glada grisar&#8221;.\u00a0 Fantastiskt organiskt jordn\u00f6tssm\u00f6r och mango chutney samt ekologiska brieostar med pistagen\u00f6tter i. Biodynamiska juicer (jag drack Pink Grapefrukt och Morot) och \u00e4ggr\u00f6ra fr\u00e5n frig\u00e5ende h\u00f6ns. P\u00e5 det hur m\u00e5nga r\u00f6ror och sallader, frukter som helst.<\/p>\n<p><a href=\"http:\/\/blogg.improveme.se\/ellenf\/files\/2015\/07\/bild-212.jpg\"><img loading=\"lazy\" decoding=\"async\" class=\"aligncenter size-large wp-image-24252\" src=\"http:\/\/blogg.improveme.se\/ellenf\/files\/2015\/07\/bild-212-755x755.jpg\" alt=\"Processed with Moldiv\" width=\"755\" height=\"755\" srcset=\"https:\/\/blogg.improveme.se\/ellenf\/files\/2015\/07\/bild-212-755x755.jpg 755w, https:\/\/blogg.improveme.se\/ellenf\/files\/2015\/07\/bild-212-150x150.jpg 150w, https:\/\/blogg.improveme.se\/ellenf\/files\/2015\/07\/bild-212-300x300.jpg 300w, https:\/\/blogg.improveme.se\/ellenf\/files\/2015\/07\/bild-212.jpg 1300w\" sizes=\"auto, (max-width: 755px) 100vw, 755px\" \/><\/a><\/p>\n<p>Jag &amp; Luca gjorde \u00e4ven ett bes\u00f6k i deras SPA. De hade ett &#8221;kallt&#8221; bad (bild nedan) som k\u00e4ndes som en svenskt skogstj\u00e4rn men sj\u00e4lva temperaturen i rummet var j\u00e4ttevarm s\u00e5 det var bara sk\u00f6nt! Luca gillade dock INTE det! Italians! They like it hot!\u00a0 Sedan de vanliga tillbeh\u00f6ren; sauna, varm jacuzzi, loungestolar mm. och extremt exklusiv inredning. Kan varmt rekommendera detta till alla som \u00e4lskar ekologisk lyx.<\/p>\n<p><a href=\"http:\/\/blogg.improveme.se\/ellenf\/files\/2015\/07\/bild-111.jpg\"><img loading=\"lazy\" decoding=\"async\" class=\"aligncenter size-large wp-image-24253\" src=\"http:\/\/blogg.improveme.se\/ellenf\/files\/2015\/07\/bild-111-755x755.jpg\" alt=\"Processed with Moldiv\" width=\"755\" height=\"755\" srcset=\"https:\/\/blogg.improveme.se\/ellenf\/files\/2015\/07\/bild-111-755x755.jpg 755w, https:\/\/blogg.improveme.se\/ellenf\/files\/2015\/07\/bild-111-150x150.jpg 150w, https:\/\/blogg.improveme.se\/ellenf\/files\/2015\/07\/bild-111-300x300.jpg 300w, https:\/\/blogg.improveme.se\/ellenf\/files\/2015\/07\/bild-111.jpg 1300w\" sizes=\"auto, (max-width: 755px) 100vw, 755px\" \/><\/a><\/p>\n<p>Nu blir det t\u00e5get hem till V\u00e4xj\u00f6 och jobbar sju dagar i str\u00e4ck nu. Hoppas ni ocks\u00e5 haft en fin helg!<\/p>\n","protected":false},"excerpt":{"rendered":"<p>Har haft den b\u00e4sta helgen i \u00e5r so far! Jag \u00e4lskar Danmark till att b\u00f6rja med och sedan hade jag v\u00e4rldens trevligaste s\u00e4llskap; n\u00e5gra italienska v\u00e4nner som fl\u00f6g hit bara f\u00f6r att tr\u00e4ffa mig och se Danmark (de hade aldrig varit h\u00e4r innan). Deras plan var f\u00f6rsenat s\u00e5 jag fick v\u00e4nta en timme p\u00e5 flygplatsen. &#8230; <a title=\"Update: Weekend Copenhagen\" class=\"read-more\" href=\"https:\/\/blogg.improveme.se\/ellenf\/2015\/07\/05\/update-weekend-copenhagen\/\" aria-label=\"L\u00e4s mer om Update: Weekend Copenhagen\">L\u00e4s mer<\/a><\/p>\n","protected":false},"author":1767,"featured_media":0,"comment_status":"open","ping_status":"open","sticky":false,"template":"","format":"standard","meta":{"footnotes":""},"categories":[1],"tags":[],"class_list":["post-24249","post","type-post","status-publish","format-standard","hentry","category-okategoriserad"],"_links":{"self":[{"href":"https:\/\/blogg.improveme.se\/ellenf\/wp-json\/wp\/v2\/posts\/24249","targetHints":{"allow":["GET"]}}],"collection":[{"href":"https:\/\/blogg.improveme.se\/ellenf\/wp-json\/wp\/v2\/posts"}],"about":[{"href":"https:\/\/blogg.improveme.se\/ellenf\/wp-json\/wp\/v2\/types\/post"}],"author":[{"embeddable":true,"href":"https:\/\/blogg.improveme.se\/ellenf\/wp-json\/wp\/v2\/users\/1767"}],"replies":[{"embeddable":true,"href":"https:\/\/blogg.improveme.se\/ellenf\/wp-json\/wp\/v2\/comments?post=24249"}],"version-history":[{"count":0,"href":"https:\/\/blogg.improveme.se\/ellenf\/wp-json\/wp\/v2\/posts\/24249\/revisions"}],"wp:attachment":[{"href":"https:\/\/blogg.improveme.se\/ellenf\/wp-json\/wp\/v2\/media?parent=24249"}],"wp:term":[{"taxonomy":"category","embeddable":true,"href":"https:\/\/blogg.improveme.se\/ellenf\/wp-json\/wp\/v2\/categories?post=24249"},{"taxonomy":"post_tag","embeddable":true,"href":"https:\/\/blogg.improveme.se\/ellenf\/wp-json\/wp\/v2\/tags?post=24249"}],"curies":[{"name":"wp","href":"https:\/\/api.w.org\/{rel}","templated":true}]}}