{"id":24261,"date":"2015-07-10T14:10:25","date_gmt":"2015-07-10T12:10:25","guid":{"rendered":"http:\/\/blogg.improveme.se\/ellenf\/?p=24261"},"modified":"2015-07-10T14:10:25","modified_gmt":"2015-07-10T12:10:25","slug":"fragor-ang-neogen-eye-lift","status":"publish","type":"post","link":"https:\/\/blogg.improveme.se\/ellenf\/2015\/07\/10\/fragor-ang-neogen-eye-lift\/","title":{"rendered":"Fr\u00e5gor ang. NeoGen eye lift!"},"content":{"rendered":"<p>Fick detta mail och besvarar fr\u00e5gorna \u00e4ven i ett inl\u00e4gg.<\/p>\n<p>&nbsp;<\/p>\n<p><em>Hej fina Ellen!<\/em><\/p>\n<div><\/div>\n<div><em>L\u00e4ste din blogg ig\u00e5r kv\u00e4ll och inl\u00e4gget du skrivit om \u00a0NeoGen eye liften\u00a0<span style=\"font-size: 12pt\">blev jag lite,<\/span><\/em><\/div>\n<div><em><span style=\"font-size: 12pt\">el v\u00e4ldigt intresserad av d\u00e5 mina \u00f6gonlock b\u00f6rjat h\u00e4nga lite som\u00a0<\/span><span style=\"font-size: 12pt\">jag besv\u00e4ras av.<\/span><\/em><\/div>\n<div><em><span style=\"font-size: 12pt\">Detta \u00e4r ju betydligt billigare alternativ \u00e4n operation.<\/span><\/em><\/div>\n<div><\/div>\n<div><em>N\u00e4r gjorde du detta? Inte f\u00f6r att det vart n\u00e5n vidare fint v\u00e4der hittills men med tanke<\/em><\/div>\n<div><em>p\u00e5 \u00e5rstiden och ifall det skulle bli kanon v\u00e4der,p\u00e5verkas l\u00e4kningen av det?<\/em><\/div>\n<div><em>\u00c4r det n\u00e5t speciellt man ska g\u00f6ra el t\u00e4nka p\u00e5 efter behandlingen?<\/em><\/div>\n<div><em>Hur l\u00e4nge tog behandlingen att g\u00f6ra?<\/em><\/div>\n<div><em>Hur l\u00e4nge ska behandlingen h\u00e5lla? el ska den upprepas vid fler tillf\u00e4llen?<\/em><\/div>\n<div><em>Tycker du att det blev stor skillnad? Ser man resultat med en g\u00e5ng el kommer det<\/em><\/div>\n<div><em>allt eftersom n\u00e4r det l\u00e4kt osv?\u00a0<span style=\"font-size: 12pt\">L\u00e4ste p\u00e5 bloggen att du \u00e4r n\u00f6jd iaf.<\/span><\/em><\/div>\n<div><em><span style=\"font-size: 12pt\">\u00a0<\/span><\/em><\/div>\n<div><em><span style=\"font-size: 12pt\">Tacksam f\u00f6r svar!<\/span><\/em><\/div>\n<div><\/div>\n<div><strong>Hej Anne! Ja man g\u00f6r\u00a0traditionellt sett INTE denna behandlingen p\u00e5 sommaren. Jag som gjorde den i b\u00f6rjan av maj fick lova att ha SPF 50 och helst solglas\u00f6gon minst en m\u00e5nad fram\u00e5t. Om du vet att du inte ska vara i solen ska det dock inte vara n\u00e5gra problem.\u00a0 Man f\u00e5r b\u00e5de resultat direkt (tog efter-bilden 2 veckor senare) men slutresultatet uppn\u00e5r du cirka 8 m\u00e5nader efter\u00e5t\u00a0 \u2013d\u00e5 kollagenets nybildning \u00f6kar p\u00e5 djupet. Sj\u00e4lva behandlingen tar bara en kvart . Men hela bes\u00f6ket en dryg timme. Man g\u00f6r 1 &#8211; 2 behandlingar beroende p\u00e5 hur mkt \u00f6verskottshud man har. Med minst 6 m\u00e5naders mellanrum . H\u00e5llbarheten av resultatet beror p\u00e5 hur gammal man \u00e4r men du vrider ju tillbaka klockan n\u00e5gra \u00e5r helt klart. Efter det forts\u00e4tter du ju dock att \u00e5ldras i den takt du genetiskt skulle g\u00f6ra. <\/strong><\/div>\n<div><\/div>\n<div><strong>F\u00f6r mer info kontakta <a href=\"http:\/\/www.regenclinic.se\/\">Regen Clinic!<\/a><br \/>\n<\/strong><\/p>\n<div class=\"yj6qo ajU\">\n<div id=\":1nc\" class=\"ajR\"><strong><img decoding=\"async\" class=\"ajT\" src=\"https:\/\/ssl.gstatic.com\/ui\/v1\/icons\/mail\/images\/cleardot.gif\" alt=\"\" \/><\/strong><\/div>\n<\/div>\n<\/div>\n<div><\/div>\n<div><\/div>\n<div><\/div>\n<div><\/div>\n<div><\/div>\n<div><\/div>\n<div><\/div>\n","protected":false},"excerpt":{"rendered":"<p>Fick detta mail och besvarar fr\u00e5gorna \u00e4ven i ett inl\u00e4gg. &nbsp; Hej fina Ellen! L\u00e4ste din blogg ig\u00e5r kv\u00e4ll och inl\u00e4gget du skrivit om \u00a0NeoGen eye liften\u00a0blev jag lite, el v\u00e4ldigt intresserad av d\u00e5 mina \u00f6gonlock b\u00f6rjat h\u00e4nga lite som\u00a0jag besv\u00e4ras av. Detta \u00e4r ju betydligt billigare alternativ \u00e4n operation. N\u00e4r gjorde du detta? Inte &#8230; <a title=\"Fr\u00e5gor ang. NeoGen eye lift!\" class=\"read-more\" href=\"https:\/\/blogg.improveme.se\/ellenf\/2015\/07\/10\/fragor-ang-neogen-eye-lift\/\" aria-label=\"L\u00e4s mer om Fr\u00e5gor ang. NeoGen eye lift!\">L\u00e4s mer<\/a><\/p>\n","protected":false},"author":1767,"featured_media":0,"comment_status":"open","ping_status":"open","sticky":false,"template":"","format":"standard","meta":{"footnotes":""},"categories":[6],"tags":[],"class_list":["post-24261","post","type-post","status-publish","format-standard","hentry","category-skonhet"],"_links":{"self":[{"href":"https:\/\/blogg.improveme.se\/ellenf\/wp-json\/wp\/v2\/posts\/24261","targetHints":{"allow":["GET"]}}],"collection":[{"href":"https:\/\/blogg.improveme.se\/ellenf\/wp-json\/wp\/v2\/posts"}],"about":[{"href":"https:\/\/blogg.improveme.se\/ellenf\/wp-json\/wp\/v2\/types\/post"}],"author":[{"embeddable":true,"href":"https:\/\/blogg.improveme.se\/ellenf\/wp-json\/wp\/v2\/users\/1767"}],"replies":[{"embeddable":true,"href":"https:\/\/blogg.improveme.se\/ellenf\/wp-json\/wp\/v2\/comments?post=24261"}],"version-history":[{"count":0,"href":"https:\/\/blogg.improveme.se\/ellenf\/wp-json\/wp\/v2\/posts\/24261\/revisions"}],"wp:attachment":[{"href":"https:\/\/blogg.improveme.se\/ellenf\/wp-json\/wp\/v2\/media?parent=24261"}],"wp:term":[{"taxonomy":"category","embeddable":true,"href":"https:\/\/blogg.improveme.se\/ellenf\/wp-json\/wp\/v2\/categories?post=24261"},{"taxonomy":"post_tag","embeddable":true,"href":"https:\/\/blogg.improveme.se\/ellenf\/wp-json\/wp\/v2\/tags?post=24261"}],"curies":[{"name":"wp","href":"https:\/\/api.w.org\/{rel}","templated":true}]}}