{"id":24403,"date":"2015-08-05T13:13:15","date_gmt":"2015-08-05T11:13:15","guid":{"rendered":"http:\/\/blogg.improveme.se\/ellenf\/?p=24403"},"modified":"2015-08-05T13:33:35","modified_gmt":"2015-08-05T11:33:35","slug":"for-yttrandefrihet-sa-lange-ni-tycker-som-oss","status":"publish","type":"post","link":"https:\/\/blogg.improveme.se\/ellenf\/2015\/08\/05\/for-yttrandefrihet-sa-lange-ni-tycker-som-oss\/","title":{"rendered":"F\u00f6r yttrandefrihet! (S\u00e5 l\u00e4nge ni tycker som oss)"},"content":{"rendered":"<p>Hade t\u00e4nkt skriva lite om vandaliseringen av SD:s reklam i tunnelbanan\u00a0 (eftersom det har varit det st\u00f6rsta samtals\u00e4mnet i media de senaste dagarna) men tycker M-politikern Hanif Bali uttrycker det b\u00e4st. Den romska juden \u00e4r allts\u00e5 Chang Frick, en bekant till mig, som jobbar f\u00f6r tidningen Nyheter Idag. Om ni tittar p\u00e5 <a href=\"https:\/\/youtu.be\/Ji3AErup5Co\">klippet<\/a> p\u00e5 extremisternas vandalisering b\u00e5de beter och l\u00e5ter de som en flock babianer. Men p\u00e5 ett allvarligare plan l\u00e4gger detta grunden till ett odemokratiskt, anarkistiskt (och kommunistiskt) samh\u00e4lle: att vi har en gruppering inom samh\u00e4llet som anser att yttrandefrihets-principen bara ska fungera \u00e5t ena h\u00e5llet. Alla intelligenta m\u00e4nniskor vet dock att civilkurage inte handlar om vandalisering.<\/p>\n<p><a href=\"http:\/\/blogg.improveme.se\/ellenf\/files\/2015\/08\/ska2.png\"><img loading=\"lazy\" decoding=\"async\" class=\"aligncenter size-full wp-image-24404\" src=\"http:\/\/blogg.improveme.se\/ellenf\/files\/2015\/08\/ska2.png\" alt=\"ska\" width=\"461\" height=\"120\" srcset=\"https:\/\/blogg.improveme.se\/ellenf\/files\/2015\/08\/ska2.png 461w, https:\/\/blogg.improveme.se\/ellenf\/files\/2015\/08\/ska2-300x78.png 300w\" sizes=\"auto, (max-width: 461px) 100vw, 461px\" \/><\/a><\/p>\n<p><a href=\"http:\/\/blogg.improveme.se\/ellenf\/files\/2015\/08\/11822533_10152908826270946_4411950052449027660_n.jpg\"><img loading=\"lazy\" decoding=\"async\" class=\"aligncenter size-full wp-image-24408\" src=\"http:\/\/blogg.improveme.se\/ellenf\/files\/2015\/08\/11822533_10152908826270946_4411950052449027660_n.jpg\" alt=\"11822533_10152908826270946_4411950052449027660_n\" width=\"628\" height=\"418\" srcset=\"https:\/\/blogg.improveme.se\/ellenf\/files\/2015\/08\/11822533_10152908826270946_4411950052449027660_n.jpg 628w, https:\/\/blogg.improveme.se\/ellenf\/files\/2015\/08\/11822533_10152908826270946_4411950052449027660_n-300x199.jpg 300w\" sizes=\"auto, (max-width: 628px) 100vw, 628px\" \/><\/a><\/p>\n<p>&nbsp;<\/p>\n","protected":false},"excerpt":{"rendered":"<p>Hade t\u00e4nkt skriva lite om vandaliseringen av SD:s reklam i tunnelbanan\u00a0 (eftersom det har varit det st\u00f6rsta samtals\u00e4mnet i media de senaste dagarna) men tycker M-politikern Hanif Bali uttrycker det b\u00e4st. Den romska juden \u00e4r allts\u00e5 Chang Frick, en bekant till mig, som jobbar f\u00f6r tidningen Nyheter Idag. Om ni tittar p\u00e5 klippet p\u00e5 extremisternas &#8230; <a title=\"F\u00f6r yttrandefrihet! (S\u00e5 l\u00e4nge ni tycker som oss)\" class=\"read-more\" href=\"https:\/\/blogg.improveme.se\/ellenf\/2015\/08\/05\/for-yttrandefrihet-sa-lange-ni-tycker-som-oss\/\" aria-label=\"L\u00e4s mer om F\u00f6r yttrandefrihet! (S\u00e5 l\u00e4nge ni tycker som oss)\">L\u00e4s mer<\/a><\/p>\n","protected":false},"author":1767,"featured_media":0,"comment_status":"open","ping_status":"open","sticky":false,"template":"","format":"standard","meta":{"footnotes":""},"categories":[4],"tags":[],"class_list":["post-24403","post","type-post","status-publish","format-standard","hentry","category-personligt"],"_links":{"self":[{"href":"https:\/\/blogg.improveme.se\/ellenf\/wp-json\/wp\/v2\/posts\/24403","targetHints":{"allow":["GET"]}}],"collection":[{"href":"https:\/\/blogg.improveme.se\/ellenf\/wp-json\/wp\/v2\/posts"}],"about":[{"href":"https:\/\/blogg.improveme.se\/ellenf\/wp-json\/wp\/v2\/types\/post"}],"author":[{"embeddable":true,"href":"https:\/\/blogg.improveme.se\/ellenf\/wp-json\/wp\/v2\/users\/1767"}],"replies":[{"embeddable":true,"href":"https:\/\/blogg.improveme.se\/ellenf\/wp-json\/wp\/v2\/comments?post=24403"}],"version-history":[{"count":0,"href":"https:\/\/blogg.improveme.se\/ellenf\/wp-json\/wp\/v2\/posts\/24403\/revisions"}],"wp:attachment":[{"href":"https:\/\/blogg.improveme.se\/ellenf\/wp-json\/wp\/v2\/media?parent=24403"}],"wp:term":[{"taxonomy":"category","embeddable":true,"href":"https:\/\/blogg.improveme.se\/ellenf\/wp-json\/wp\/v2\/categories?post=24403"},{"taxonomy":"post_tag","embeddable":true,"href":"https:\/\/blogg.improveme.se\/ellenf\/wp-json\/wp\/v2\/tags?post=24403"}],"curies":[{"name":"wp","href":"https:\/\/api.w.org\/{rel}","templated":true}]}}