{"id":24487,"date":"2015-08-18T15:11:06","date_gmt":"2015-08-18T13:11:06","guid":{"rendered":"http:\/\/blogg.improveme.se\/ellenf\/?p=24487"},"modified":"2015-08-18T15:11:06","modified_gmt":"2015-08-18T13:11:06","slug":"dagens-71","status":"publish","type":"post","link":"https:\/\/blogg.improveme.se\/ellenf\/2015\/08\/18\/dagens-71\/","title":{"rendered":"Dagens."},"content":{"rendered":"<p>Cous cous-sallad med en mix av det jag har i kylen \u00e4r n\u00e5got jag \u00e4ter v\u00e4ldigt ofta. Till det blandar jag en egen dressing p\u00e5 gr\u00e4ddfil och antingen pressad vitl\u00f6k eller mosad blue cheese. Beh\u00f6ver inte vara sv\u00e5rare \u00e4n s\u00e5&#8230;<\/p>\n<p>&nbsp;<\/p>\n<p>&nbsp;<\/p>\n<p><a href=\"http:\/\/blogg.improveme.se\/ellenf\/files\/2015\/08\/11863473_10153504482375993_5182733816445935606_n-1.jpg\"><img loading=\"lazy\" decoding=\"async\" class=\"aligncenter  wp-image-24488\" src=\"http:\/\/blogg.improveme.se\/ellenf\/files\/2015\/08\/11863473_10153504482375993_5182733816445935606_n-1-755x755.jpg\" alt=\"11863473_10153504482375993_5182733816445935606_n-1\" width=\"607\" height=\"607\" srcset=\"https:\/\/blogg.improveme.se\/ellenf\/files\/2015\/08\/11863473_10153504482375993_5182733816445935606_n-1-755x755.jpg 755w, https:\/\/blogg.improveme.se\/ellenf\/files\/2015\/08\/11863473_10153504482375993_5182733816445935606_n-1-150x150.jpg 150w, https:\/\/blogg.improveme.se\/ellenf\/files\/2015\/08\/11863473_10153504482375993_5182733816445935606_n-1-300x300.jpg 300w, https:\/\/blogg.improveme.se\/ellenf\/files\/2015\/08\/11863473_10153504482375993_5182733816445935606_n-1.jpg 960w\" sizes=\"auto, (max-width: 607px) 100vw, 607px\" \/><\/a><\/p>\n","protected":false},"excerpt":{"rendered":"<p>Cous cous-sallad med en mix av det jag har i kylen \u00e4r n\u00e5got jag \u00e4ter v\u00e4ldigt ofta. Till det blandar jag en egen dressing p\u00e5 gr\u00e4ddfil och antingen pressad vitl\u00f6k eller mosad blue cheese. Beh\u00f6ver inte vara sv\u00e5rare \u00e4n s\u00e5&#8230; &nbsp; &nbsp;<\/p>\n","protected":false},"author":1767,"featured_media":0,"comment_status":"open","ping_status":"open","sticky":false,"template":"","format":"standard","meta":{"footnotes":""},"categories":[4],"tags":[],"class_list":["post-24487","post","type-post","status-publish","format-standard","hentry","category-personligt"],"_links":{"self":[{"href":"https:\/\/blogg.improveme.se\/ellenf\/wp-json\/wp\/v2\/posts\/24487","targetHints":{"allow":["GET"]}}],"collection":[{"href":"https:\/\/blogg.improveme.se\/ellenf\/wp-json\/wp\/v2\/posts"}],"about":[{"href":"https:\/\/blogg.improveme.se\/ellenf\/wp-json\/wp\/v2\/types\/post"}],"author":[{"embeddable":true,"href":"https:\/\/blogg.improveme.se\/ellenf\/wp-json\/wp\/v2\/users\/1767"}],"replies":[{"embeddable":true,"href":"https:\/\/blogg.improveme.se\/ellenf\/wp-json\/wp\/v2\/comments?post=24487"}],"version-history":[{"count":0,"href":"https:\/\/blogg.improveme.se\/ellenf\/wp-json\/wp\/v2\/posts\/24487\/revisions"}],"wp:attachment":[{"href":"https:\/\/blogg.improveme.se\/ellenf\/wp-json\/wp\/v2\/media?parent=24487"}],"wp:term":[{"taxonomy":"category","embeddable":true,"href":"https:\/\/blogg.improveme.se\/ellenf\/wp-json\/wp\/v2\/categories?post=24487"},{"taxonomy":"post_tag","embeddable":true,"href":"https:\/\/blogg.improveme.se\/ellenf\/wp-json\/wp\/v2\/tags?post=24487"}],"curies":[{"name":"wp","href":"https:\/\/api.w.org\/{rel}","templated":true}]}}