{"id":24495,"date":"2015-08-21T11:14:51","date_gmt":"2015-08-21T09:14:51","guid":{"rendered":"http:\/\/blogg.improveme.se\/ellenf\/?p=24495"},"modified":"2015-08-21T11:14:51","modified_gmt":"2015-08-21T09:14:51","slug":"a-friday-in-the-forrest","status":"publish","type":"post","link":"https:\/\/blogg.improveme.se\/ellenf\/2015\/08\/21\/a-friday-in-the-forrest\/","title":{"rendered":"A Friday in the Forrest."},"content":{"rendered":"<p>Ska g\u00e5 ut och g\u00e5 lite i skogen snart. Har lite saker jag beh\u00f6ver t\u00e4nka \u00f6ver och det g\u00f6rs b\u00e4st d\u00e4r. I alla fall om man \u00e4r f\u00f6dd p\u00e5 landet i Sm\u00e5land! Ikv\u00e4ll ska jag bara fira att mitt vikariat \u00e4r \u00f6ver med bubbel och sm\u00f6rg\u00e5st\u00e5rta! Allra f\u00f6rst ska jag dock till aff\u00e4ren f\u00f6r att k\u00f6pa kr\u00e4ftor med tillbeh\u00f6r inf\u00f6r kr\u00e4ftskivan med Oscar och lite andra v\u00e4nner imorgon. Sjukt att han m\u00e5ste ta t\u00e5get ikv\u00e4ll (fr\u00e5n Lule\u00e5) f\u00f6r att vara framme imorgon eftermiddag. Sverige \u00e4r verkligen avl\u00e5ngt! Och otroligt vackert! Hoppas ni f\u00e5r en fin helg!<\/p>\n<p>&nbsp;<\/p>\n<p>&nbsp;<\/p>\n<p><a href=\"http:\/\/blogg.improveme.se\/ellenf\/files\/2015\/08\/3.jpg\"><img loading=\"lazy\" decoding=\"async\" class=\"aligncenter size-large wp-image-24496\" src=\"http:\/\/blogg.improveme.se\/ellenf\/files\/2015\/08\/3-755x604.jpg\" alt=\"3\" width=\"755\" height=\"604\" srcset=\"https:\/\/blogg.improveme.se\/ellenf\/files\/2015\/08\/3-755x604.jpg 755w, https:\/\/blogg.improveme.se\/ellenf\/files\/2015\/08\/3-300x240.jpg 300w, https:\/\/blogg.improveme.se\/ellenf\/files\/2015\/08\/3.jpg 1624w\" sizes=\"auto, (max-width: 755px) 100vw, 755px\" \/><\/a><\/p>\n","protected":false},"excerpt":{"rendered":"<p>Ska g\u00e5 ut och g\u00e5 lite i skogen snart. Har lite saker jag beh\u00f6ver t\u00e4nka \u00f6ver och det g\u00f6rs b\u00e4st d\u00e4r. I alla fall om man \u00e4r f\u00f6dd p\u00e5 landet i Sm\u00e5land! Ikv\u00e4ll ska jag bara fira att mitt vikariat \u00e4r \u00f6ver med bubbel och sm\u00f6rg\u00e5st\u00e5rta! Allra f\u00f6rst ska jag dock till aff\u00e4ren f\u00f6r att &#8230; <a title=\"A Friday in the Forrest.\" class=\"read-more\" href=\"https:\/\/blogg.improveme.se\/ellenf\/2015\/08\/21\/a-friday-in-the-forrest\/\" aria-label=\"L\u00e4s mer om A Friday in the Forrest.\">L\u00e4s mer<\/a><\/p>\n","protected":false},"author":1767,"featured_media":0,"comment_status":"open","ping_status":"open","sticky":false,"template":"","format":"standard","meta":{"footnotes":""},"categories":[4],"tags":[],"class_list":["post-24495","post","type-post","status-publish","format-standard","hentry","category-personligt"],"_links":{"self":[{"href":"https:\/\/blogg.improveme.se\/ellenf\/wp-json\/wp\/v2\/posts\/24495","targetHints":{"allow":["GET"]}}],"collection":[{"href":"https:\/\/blogg.improveme.se\/ellenf\/wp-json\/wp\/v2\/posts"}],"about":[{"href":"https:\/\/blogg.improveme.se\/ellenf\/wp-json\/wp\/v2\/types\/post"}],"author":[{"embeddable":true,"href":"https:\/\/blogg.improveme.se\/ellenf\/wp-json\/wp\/v2\/users\/1767"}],"replies":[{"embeddable":true,"href":"https:\/\/blogg.improveme.se\/ellenf\/wp-json\/wp\/v2\/comments?post=24495"}],"version-history":[{"count":0,"href":"https:\/\/blogg.improveme.se\/ellenf\/wp-json\/wp\/v2\/posts\/24495\/revisions"}],"wp:attachment":[{"href":"https:\/\/blogg.improveme.se\/ellenf\/wp-json\/wp\/v2\/media?parent=24495"}],"wp:term":[{"taxonomy":"category","embeddable":true,"href":"https:\/\/blogg.improveme.se\/ellenf\/wp-json\/wp\/v2\/categories?post=24495"},{"taxonomy":"post_tag","embeddable":true,"href":"https:\/\/blogg.improveme.se\/ellenf\/wp-json\/wp\/v2\/tags?post=24495"}],"curies":[{"name":"wp","href":"https:\/\/api.w.org\/{rel}","templated":true}]}}