{"id":24501,"date":"2015-08-24T08:53:55","date_gmt":"2015-08-24T06:53:55","guid":{"rendered":"http:\/\/blogg.improveme.se\/ellenf\/?p=24501"},"modified":"2015-08-24T08:53:55","modified_gmt":"2015-08-24T06:53:55","slug":"aret-var-1948","status":"publish","type":"post","link":"https:\/\/blogg.improveme.se\/ellenf\/2015\/08\/24\/aret-var-1948\/","title":{"rendered":"\u00c5ret var 1948&#8230;."},"content":{"rendered":"<p>Tycker vi har f\u00e5tt till en riktig &#8221; nostalgisk&#8221; bild h\u00e4r. Vi \u00e4r tv\u00e5 personer f\u00f6dda i fel decennium. Min h\u00f6gsta \u00f6nskan \u00e4r att ha f\u00e5tt leva p\u00e5 40- eller 50-talet ist\u00e4llet.<\/p>\n<p>&nbsp;<\/p>\n<p>&nbsp;<\/p>\n<p><a href=\"http:\/\/blogg.improveme.se\/ellenf\/files\/2015\/08\/bild161.jpg\"><img loading=\"lazy\" decoding=\"async\" class=\"aligncenter  wp-image-24502\" src=\"http:\/\/blogg.improveme.se\/ellenf\/files\/2015\/08\/bild161-755x755.jpg\" alt=\"Processed with Moldiv\" width=\"423\" height=\"423\" srcset=\"https:\/\/blogg.improveme.se\/ellenf\/files\/2015\/08\/bild161-755x755.jpg 755w, https:\/\/blogg.improveme.se\/ellenf\/files\/2015\/08\/bild161-150x150.jpg 150w, https:\/\/blogg.improveme.se\/ellenf\/files\/2015\/08\/bild161-300x300.jpg 300w, https:\/\/blogg.improveme.se\/ellenf\/files\/2015\/08\/bild161.jpg 1300w\" sizes=\"auto, (max-width: 423px) 100vw, 423px\" \/><\/a><\/p>\n<p>H\u00e4r \u00e4r den fantastiska vintage-underkjolen Oscar k\u00f6pte till mig som ger kl\u00e4nningen dess &#8221;klockade&#8221; look. Tyckte den var s\u00e5 fin att jag n\u00e4stan ville ha bara den p\u00e5 mig ha ha!<\/p>\n<p>&nbsp;<\/p>\n<p><a href=\"http:\/\/blogg.improveme.se\/ellenf\/files\/2015\/08\/11880540_10153514129740993_5764390888730928559_n.jpg\"><img loading=\"lazy\" decoding=\"async\" class=\"aligncenter size-large wp-image-24503\" src=\"http:\/\/blogg.improveme.se\/ellenf\/files\/2015\/08\/11880540_10153514129740993_5764390888730928559_n-755x755.jpg\" alt=\"11880540_10153514129740993_5764390888730928559_n\" width=\"755\" height=\"755\" srcset=\"https:\/\/blogg.improveme.se\/ellenf\/files\/2015\/08\/11880540_10153514129740993_5764390888730928559_n-755x755.jpg 755w, https:\/\/blogg.improveme.se\/ellenf\/files\/2015\/08\/11880540_10153514129740993_5764390888730928559_n-150x150.jpg 150w, https:\/\/blogg.improveme.se\/ellenf\/files\/2015\/08\/11880540_10153514129740993_5764390888730928559_n-300x300.jpg 300w, https:\/\/blogg.improveme.se\/ellenf\/files\/2015\/08\/11880540_10153514129740993_5764390888730928559_n.jpg 960w\" sizes=\"auto, (max-width: 755px) 100vw, 755px\" \/><\/a><\/p>\n<p>Bernadotte visar prov p\u00e5 matlagnings-skills! Visste sedan innan att han var duktig men detta \u00e4r f\u00f6rsta g\u00e5ngen han lagar till mig! Det blev en supersmaskig Carbonara. Nu har han \u00e4ven utlovat att laga n\u00e5got n\u00e5got kinesiskt Stir Fry tillns jag kommer tillbaka fr\u00e5n min yoga-lektion ikv\u00e4ll. Och som om det inte vore nog ska han laga lunch till min farmor n\u00e4r vi ska dit p\u00e5 bes\u00f6k i morgon. Hon \u00e4r 90 + och orkar inte laga mat l\u00e4ngre. Bara f\u00e4rdigmat hon v\u00e4rmer i mikron. Men imorrn blir det &#8221;Oscars Gr\u00e4ddpytt&#8221; men sallad till s\u00e5 hon f\u00e5r i sig lite n\u00e4ring. Min farmor \u00e4r den i min familj jag \u00e4lskar mest och som har gjort mest f\u00f6r mig under min uppv\u00e4xt (sorry mom and dad) s\u00e5 jag f\u00f6rs\u00f6ker \u00e5terg\u00e4lda det nu n\u00e4r hon kanske inte har s\u00e5 l\u00e5ng tid kvar p\u00e5 denna jorden och beh\u00f6ver min hj\u00e4lp. Dessutom \u00e4lskar hon Oscar. Hon har tr\u00e4ffat honom tv\u00e5 g\u00e5nger och den niv\u00e5n av artighet han hade gjorde att hon gillade honom &#8221;instantly&#8221;.<\/p>\n<p>&nbsp;<\/p>\n<p><a href=\"http:\/\/blogg.improveme.se\/ellenf\/files\/2015\/08\/11947442_10153516638085993_3171536867107193111_n-1.jpg\"><img loading=\"lazy\" decoding=\"async\" class=\"aligncenter  wp-image-24505\" src=\"http:\/\/blogg.improveme.se\/ellenf\/files\/2015\/08\/11947442_10153516638085993_3171536867107193111_n-1-755x755.jpg\" alt=\"11947442_10153516638085993_3171536867107193111_n-1\" width=\"553\" height=\"553\" srcset=\"https:\/\/blogg.improveme.se\/ellenf\/files\/2015\/08\/11947442_10153516638085993_3171536867107193111_n-1-755x755.jpg 755w, https:\/\/blogg.improveme.se\/ellenf\/files\/2015\/08\/11947442_10153516638085993_3171536867107193111_n-1-150x150.jpg 150w, https:\/\/blogg.improveme.se\/ellenf\/files\/2015\/08\/11947442_10153516638085993_3171536867107193111_n-1-300x300.jpg 300w, https:\/\/blogg.improveme.se\/ellenf\/files\/2015\/08\/11947442_10153516638085993_3171536867107193111_n-1.jpg 960w\" sizes=\"auto, (max-width: 553px) 100vw, 553px\" \/><\/a><\/p>\n<p>Kr\u00e4ftskiva i \u00c4lmeshult med 50-tals tema.Mattias Karlsson k\u00f6rde p\u00e5 Rockabilly med jeans och uppvikt t-shirt! Det var en fantastiskt mysig kv\u00e4ll med tidsenlig musik, j\u00e4ttegoda kr\u00e4ftor och b\u00e4sta s\u00e4llskapet! Och ja \u2013 det \u00e4r min macka (p\u00e5 bilden nedan) jag har proppat full med v\u00e4sterbotten-ost hahah!<\/p>\n<p>I love cheese!<\/p>\n<p><a href=\"http:\/\/blogg.improveme.se\/ellenf\/files\/2015\/08\/bild162.jpg\"><img loading=\"lazy\" decoding=\"async\" class=\"aligncenter size-large wp-image-24506\" src=\"http:\/\/blogg.improveme.se\/ellenf\/files\/2015\/08\/bild162-755x755.jpg\" alt=\"Processed with Moldiv\" width=\"755\" height=\"755\" srcset=\"https:\/\/blogg.improveme.se\/ellenf\/files\/2015\/08\/bild162-755x755.jpg 755w, https:\/\/blogg.improveme.se\/ellenf\/files\/2015\/08\/bild162-150x150.jpg 150w, https:\/\/blogg.improveme.se\/ellenf\/files\/2015\/08\/bild162-300x300.jpg 300w, https:\/\/blogg.improveme.se\/ellenf\/files\/2015\/08\/bild162.jpg 1300w\" sizes=\"auto, (max-width: 755px) 100vw, 755px\" \/><\/a><\/p>\n","protected":false},"excerpt":{"rendered":"<p>Tycker vi har f\u00e5tt till en riktig &#8221; nostalgisk&#8221; bild h\u00e4r. Vi \u00e4r tv\u00e5 personer f\u00f6dda i fel decennium. Min h\u00f6gsta \u00f6nskan \u00e4r att ha f\u00e5tt leva p\u00e5 40- eller 50-talet ist\u00e4llet. &nbsp; &nbsp; H\u00e4r \u00e4r den fantastiska vintage-underkjolen Oscar k\u00f6pte till mig som ger kl\u00e4nningen dess &#8221;klockade&#8221; look. Tyckte den var s\u00e5 fin att &#8230; <a title=\"\u00c5ret var 1948&#8230;.\" class=\"read-more\" href=\"https:\/\/blogg.improveme.se\/ellenf\/2015\/08\/24\/aret-var-1948\/\" aria-label=\"L\u00e4s mer om \u00c5ret var 1948&#8230;.\">L\u00e4s mer<\/a><\/p>\n","protected":false},"author":1767,"featured_media":0,"comment_status":"open","ping_status":"open","sticky":false,"template":"","format":"standard","meta":{"footnotes":""},"categories":[1,4],"tags":[],"class_list":["post-24501","post","type-post","status-publish","format-standard","hentry","category-okategoriserad","category-personligt"],"_links":{"self":[{"href":"https:\/\/blogg.improveme.se\/ellenf\/wp-json\/wp\/v2\/posts\/24501","targetHints":{"allow":["GET"]}}],"collection":[{"href":"https:\/\/blogg.improveme.se\/ellenf\/wp-json\/wp\/v2\/posts"}],"about":[{"href":"https:\/\/blogg.improveme.se\/ellenf\/wp-json\/wp\/v2\/types\/post"}],"author":[{"embeddable":true,"href":"https:\/\/blogg.improveme.se\/ellenf\/wp-json\/wp\/v2\/users\/1767"}],"replies":[{"embeddable":true,"href":"https:\/\/blogg.improveme.se\/ellenf\/wp-json\/wp\/v2\/comments?post=24501"}],"version-history":[{"count":0,"href":"https:\/\/blogg.improveme.se\/ellenf\/wp-json\/wp\/v2\/posts\/24501\/revisions"}],"wp:attachment":[{"href":"https:\/\/blogg.improveme.se\/ellenf\/wp-json\/wp\/v2\/media?parent=24501"}],"wp:term":[{"taxonomy":"category","embeddable":true,"href":"https:\/\/blogg.improveme.se\/ellenf\/wp-json\/wp\/v2\/categories?post=24501"},{"taxonomy":"post_tag","embeddable":true,"href":"https:\/\/blogg.improveme.se\/ellenf\/wp-json\/wp\/v2\/tags?post=24501"}],"curies":[{"name":"wp","href":"https:\/\/api.w.org\/{rel}","templated":true}]}}