{"id":24517,"date":"2015-08-26T11:35:26","date_gmt":"2015-08-26T09:35:26","guid":{"rendered":"http:\/\/blogg.improveme.se\/ellenf\/?p=24517"},"modified":"2015-08-26T11:46:24","modified_gmt":"2015-08-26T09:46:24","slug":"tillbaka-till-nutiden","status":"publish","type":"post","link":"https:\/\/blogg.improveme.se\/ellenf\/2015\/08\/26\/tillbaka-till-nutiden\/","title":{"rendered":"Tillbaka till nutiden."},"content":{"rendered":"<p>N\u00e4r jag umg\u00e5s med Frans Oscar k\u00e4nns det som sagt som i en annan epok men nu \u00e4r det tillbaka till verkligheten. Ikv\u00e4ll \u00e5ker han hem och allt blir som vanligt igen. Dagen blev jag tvungen att tillbringa p\u00e5 kommunhuset i N\u00e4mnden f\u00f6r Arbete och V\u00e4lf\u00e4rd. Det var v\u00e4ldigt intressanta \u00e4renden d\u00e4r i alla fall.<\/p>\n<p>L\u00e4ngtar tills sommartalet\/sommarfesten p\u00e5 l\u00f6rdag i S\u00f6lvesborg. Fram tills dess blir det bara n\u00e5gra semesterdagar och m\u00f6bel-letande!<\/p>\n<p><a href=\"http:\/\/blogg.improveme.se\/ellenf\/files\/2015\/08\/11889607_10153520852415993_5048918398785531398_n.jpg\"><img loading=\"lazy\" decoding=\"async\" class=\"aligncenter size-large wp-image-24518\" src=\"http:\/\/blogg.improveme.se\/ellenf\/files\/2015\/08\/11889607_10153520852415993_5048918398785531398_n-755x755.jpg\" alt=\"11889607_10153520852415993_5048918398785531398_n\" width=\"755\" height=\"755\" srcset=\"https:\/\/blogg.improveme.se\/ellenf\/files\/2015\/08\/11889607_10153520852415993_5048918398785531398_n-755x755.jpg 755w, https:\/\/blogg.improveme.se\/ellenf\/files\/2015\/08\/11889607_10153520852415993_5048918398785531398_n-150x150.jpg 150w, https:\/\/blogg.improveme.se\/ellenf\/files\/2015\/08\/11889607_10153520852415993_5048918398785531398_n-300x300.jpg 300w, https:\/\/blogg.improveme.se\/ellenf\/files\/2015\/08\/11889607_10153520852415993_5048918398785531398_n.jpg 960w\" sizes=\"auto, (max-width: 755px) 100vw, 755px\" \/><\/a><\/p>\n","protected":false},"excerpt":{"rendered":"<p>N\u00e4r jag umg\u00e5s med Frans Oscar k\u00e4nns det som sagt som i en annan epok men nu \u00e4r det tillbaka till verkligheten. Ikv\u00e4ll \u00e5ker han hem och allt blir som vanligt igen. Dagen blev jag tvungen att tillbringa p\u00e5 kommunhuset i N\u00e4mnden f\u00f6r Arbete och V\u00e4lf\u00e4rd. Det var v\u00e4ldigt intressanta \u00e4renden d\u00e4r i alla fall. &#8230; <a title=\"Tillbaka till nutiden.\" class=\"read-more\" href=\"https:\/\/blogg.improveme.se\/ellenf\/2015\/08\/26\/tillbaka-till-nutiden\/\" aria-label=\"L\u00e4s mer om Tillbaka till nutiden.\">L\u00e4s mer<\/a><\/p>\n","protected":false},"author":1767,"featured_media":0,"comment_status":"open","ping_status":"open","sticky":false,"template":"","format":"standard","meta":{"footnotes":""},"categories":[6],"tags":[],"class_list":["post-24517","post","type-post","status-publish","format-standard","hentry","category-skonhet"],"_links":{"self":[{"href":"https:\/\/blogg.improveme.se\/ellenf\/wp-json\/wp\/v2\/posts\/24517","targetHints":{"allow":["GET"]}}],"collection":[{"href":"https:\/\/blogg.improveme.se\/ellenf\/wp-json\/wp\/v2\/posts"}],"about":[{"href":"https:\/\/blogg.improveme.se\/ellenf\/wp-json\/wp\/v2\/types\/post"}],"author":[{"embeddable":true,"href":"https:\/\/blogg.improveme.se\/ellenf\/wp-json\/wp\/v2\/users\/1767"}],"replies":[{"embeddable":true,"href":"https:\/\/blogg.improveme.se\/ellenf\/wp-json\/wp\/v2\/comments?post=24517"}],"version-history":[{"count":0,"href":"https:\/\/blogg.improveme.se\/ellenf\/wp-json\/wp\/v2\/posts\/24517\/revisions"}],"wp:attachment":[{"href":"https:\/\/blogg.improveme.se\/ellenf\/wp-json\/wp\/v2\/media?parent=24517"}],"wp:term":[{"taxonomy":"category","embeddable":true,"href":"https:\/\/blogg.improveme.se\/ellenf\/wp-json\/wp\/v2\/categories?post=24517"},{"taxonomy":"post_tag","embeddable":true,"href":"https:\/\/blogg.improveme.se\/ellenf\/wp-json\/wp\/v2\/tags?post=24517"}],"curies":[{"name":"wp","href":"https:\/\/api.w.org\/{rel}","templated":true}]}}