{"id":24574,"date":"2015-09-02T18:44:54","date_gmt":"2015-09-02T16:44:54","guid":{"rendered":"http:\/\/blogg.improveme.se\/ellenf\/?p=24574"},"modified":"2015-09-02T18:44:54","modified_gmt":"2015-09-02T16:44:54","slug":"ekologiska-nyheter-for-naglarna","status":"publish","type":"post","link":"https:\/\/blogg.improveme.se\/ellenf\/2015\/09\/02\/ekologiska-nyheter-for-naglarna\/","title":{"rendered":"Ekologiska nyheter f\u00f6r naglarna!"},"content":{"rendered":"<p><a href=\"http:\/\/blogg.improveme.se\/ellenf\/files\/2015\/09\/6MSIi4pBZ4udImjDQY9aWDv-oqXzqMpsnYl43bQ3Y5nXahD1Ye5Sn8-bP9nzD-ZFWvXNhU5ZMYxjlW7pV3KZGl8FbmHFw7GxNmuOmt6URW2OVQdtfk3es2kZ4UtCLzEZrv5YKidwrgU_xMcVQ2bsQqGb0hGHHO0BC6DpwkIs0-d-e1-ft.jpg\"><img loading=\"lazy\" decoding=\"async\" class=\"alignleft  wp-image-24575\" src=\"http:\/\/blogg.improveme.se\/ellenf\/files\/2015\/09\/6MSIi4pBZ4udImjDQY9aWDv-oqXzqMpsnYl43bQ3Y5nXahD1Ye5Sn8-bP9nzD-ZFWvXNhU5ZMYxjlW7pV3KZGl8FbmHFw7GxNmuOmt6URW2OVQdtfk3es2kZ4UtCLzEZrv5YKidwrgU_xMcVQ2bsQqGb0hGHHO0BC6DpwkIs0-d-e1-ft.jpg\" alt=\"6MSIi4pBZ4udImjDQY9aWDv-oqXzqMpsnYl43bQ3Y5nXahD1Ye5Sn8-bP9nzD-ZFWvXNhU5ZMYxjlW7pV3KZGl8FbmHFw7GxNmuOmt6URW2OVQdtfk3es2kZ4UtCLzEZrv5YKidwrgU_xMcVQ2bsQqGb0hGHHO0BC6DpwkI=s0-d-e1-ft\" width=\"472\" height=\"576\" srcset=\"https:\/\/blogg.improveme.se\/ellenf\/files\/2015\/09\/6MSIi4pBZ4udImjDQY9aWDv-oqXzqMpsnYl43bQ3Y5nXahD1Ye5Sn8-bP9nzD-ZFWvXNhU5ZMYxjlW7pV3KZGl8FbmHFw7GxNmuOmt6URW2OVQdtfk3es2kZ4UtCLzEZrv5YKidwrgU_xMcVQ2bsQqGb0hGHHO0BC6DpwkIs0-d-e1-ft.jpg 600w, https:\/\/blogg.improveme.se\/ellenf\/files\/2015\/09\/6MSIi4pBZ4udImjDQY9aWDv-oqXzqMpsnYl43bQ3Y5nXahD1Ye5Sn8-bP9nzD-ZFWvXNhU5ZMYxjlW7pV3KZGl8FbmHFw7GxNmuOmt6URW2OVQdtfk3es2kZ4UtCLzEZrv5YKidwrgU_xMcVQ2bsQqGb0hGHHO0BC6DpwkIs0-d-e1-ft-245x300.jpg 245w\" sizes=\"auto, (max-width: 472px) 100vw, 472px\" \/><\/a><\/p>\n<p style=\"padding: 0;color: #555555;font-family: 'Helvetica Neue',Helvetica,Arial,sans-serif;font-size: 13px;line-height: 18px;margin: 0 0 9px\">Nu ut\u00f6kar Weleda sin kategori<strong> Hand &amp; Nail<\/strong> med tv\u00e5 nya produkter f\u00f6r v\u00e5rd av naglar och nagelband.<\/p>\n<p style=\"padding: 0;color: #555555;font-family: 'Helvetica Neue',Helvetica,Arial,sans-serif;font-size: 13px;line-height: 18px;margin: 0 0 9px\"><b style=\"color: #222;background-color: initial\">CUTICLE SOFTNER PEN<\/b> \u00e4r en mjukg\u00f6rande nagelbandspenna med skyddande vitamin E som utlovar att mjuka upp och forma nagelbanden. Formulan appliceras l\u00e4ngst med nagelbanden och ska d\u00e4refter verka en kort stund. Du trycker sedan tillbaka tillbaka\u00a0nagelbanden varsamt med med penn-spetsen.<\/p>\n<p style=\"padding: 0;color: #555555;font-family: 'Helvetica Neue',Helvetica,Arial,sans-serif;font-size: 13px;line-height: 18px;margin: 0 0 9px\">INNEH\u00c5LL: Granat\u00e4pplek\u00e4rn-olja, jojobaolja,\u00a0mandelolja, vitamin E och extrakt fr\u00e5n l\u00e4kande ringblomma<\/p>\n<p style=\"padding: 0;color: #555555;font-family: 'Helvetica Neue',Helvetica,Arial,sans-serif;font-size: 13px;line-height: 18px;margin: 0 0 9px\"><strong>129 SEK<\/strong><\/p>\n<p style=\"padding: 0;color: #555555;font-family: 'Helvetica Neue',Helvetica,Arial,sans-serif;font-size: 13px;line-height: 18px;margin: 0 0 9px\"><strong style=\"color: #222\">NAIL CARE PEN<\/strong> \u00e4r skyddande intensiv-v\u00e5rd f\u00f6r naglar och\u00a0nagelband. Vid applicering vrider man p\u00e5 botten av pennan och stryk\u00a0formulan \u00f6ver nageln\/nagelbandet och massera\u00a0varsamt in.<\/p>\n<p style=\"padding: 0;color: #555555;font-family: 'Helvetica Neue',Helvetica,Arial,sans-serif;font-size: 13px;line-height: 18px;margin: 0 0 9px\">INNEH\u00c5LL: Granat\u00e4pplek\u00e4rn-olja, sheasm\u00f6r, bivax\u00a0och kamomill-extrakt.<\/p>\n<p style=\"padding: 0;color: #555555;font-family: 'Helvetica Neue',Helvetica,Arial,sans-serif;font-size: 13px;line-height: 18px;margin: 0 0 9px\"><strong>119 SEK<\/strong><\/p>\n<p style=\"padding: 0;color: #555555;font-family: 'Helvetica Neue',Helvetica,Arial,sans-serif;font-size: 13px;line-height: 18px;margin: 0 0 9px\">Finns till f\u00f6rs\u00e4ljning p\u00e5 Life och H\u00e4lsokostbutiker\u00a0fr.o.m mitten av september.<\/p>\n<p>&nbsp;<\/p>\n","protected":false},"excerpt":{"rendered":"<p>Nu ut\u00f6kar Weleda sin kategori Hand &amp; Nail med tv\u00e5 nya produkter f\u00f6r v\u00e5rd av naglar och nagelband. CUTICLE SOFTNER PEN \u00e4r en mjukg\u00f6rande nagelbandspenna med skyddande vitamin E som utlovar att mjuka upp och forma nagelbanden. Formulan appliceras l\u00e4ngst med nagelbanden och ska d\u00e4refter verka en kort stund. Du trycker sedan tillbaka tillbaka\u00a0nagelbanden varsamt &#8230; <a title=\"Ekologiska nyheter f\u00f6r naglarna!\" class=\"read-more\" href=\"https:\/\/blogg.improveme.se\/ellenf\/2015\/09\/02\/ekologiska-nyheter-for-naglarna\/\" aria-label=\"L\u00e4s mer om Ekologiska nyheter f\u00f6r naglarna!\">L\u00e4s mer<\/a><\/p>\n","protected":false},"author":1767,"featured_media":0,"comment_status":"open","ping_status":"open","sticky":false,"template":"","format":"standard","meta":{"footnotes":""},"categories":[6],"tags":[],"class_list":["post-24574","post","type-post","status-publish","format-standard","hentry","category-skonhet"],"_links":{"self":[{"href":"https:\/\/blogg.improveme.se\/ellenf\/wp-json\/wp\/v2\/posts\/24574","targetHints":{"allow":["GET"]}}],"collection":[{"href":"https:\/\/blogg.improveme.se\/ellenf\/wp-json\/wp\/v2\/posts"}],"about":[{"href":"https:\/\/blogg.improveme.se\/ellenf\/wp-json\/wp\/v2\/types\/post"}],"author":[{"embeddable":true,"href":"https:\/\/blogg.improveme.se\/ellenf\/wp-json\/wp\/v2\/users\/1767"}],"replies":[{"embeddable":true,"href":"https:\/\/blogg.improveme.se\/ellenf\/wp-json\/wp\/v2\/comments?post=24574"}],"version-history":[{"count":0,"href":"https:\/\/blogg.improveme.se\/ellenf\/wp-json\/wp\/v2\/posts\/24574\/revisions"}],"wp:attachment":[{"href":"https:\/\/blogg.improveme.se\/ellenf\/wp-json\/wp\/v2\/media?parent=24574"}],"wp:term":[{"taxonomy":"category","embeddable":true,"href":"https:\/\/blogg.improveme.se\/ellenf\/wp-json\/wp\/v2\/categories?post=24574"},{"taxonomy":"post_tag","embeddable":true,"href":"https:\/\/blogg.improveme.se\/ellenf\/wp-json\/wp\/v2\/tags?post=24574"}],"curies":[{"name":"wp","href":"https:\/\/api.w.org\/{rel}","templated":true}]}}