{"id":24600,"date":"2015-09-04T19:52:43","date_gmt":"2015-09-04T17:52:43","guid":{"rendered":"http:\/\/blogg.improveme.se\/ellenf\/?p=24600"},"modified":"2015-09-05T16:48:10","modified_gmt":"2015-09-05T14:48:10","slug":"precious-mineral-bb-compact-bright-fit","status":"publish","type":"post","link":"https:\/\/blogg.improveme.se\/ellenf\/2015\/09\/04\/precious-mineral-bb-compact-bright-fit\/","title":{"rendered":"PRECIOUS MINERAL BB Compact Bright Fit"},"content":{"rendered":"<p>Med en SPF p\u00e5 30 passar detta mineralpudret p\u00e5 sommaren s\u00e5v\u00e4l som h\u00f6stsemestern. Tyv\u00e4rr finns inte m\u00e4rket i Sverige \u00e4n utan du f\u00e5r passa p\u00e5 om du \u00e4r utomlands eller handlar i en utl\u00e4ndsk webshop.\u00a0 Formulan \u00e4r mjuk och sm\u00e4lter in i huden utan att bli &#8221;kakig&#8221; \u2013 \u00e4ven f\u00f6r dig som \u00e4r ganska torr! F\u00f6r mig passar nyans <strong>Light Beige N02 <\/strong>perfekt. Ger en j\u00e4mn t\u00e4ckning som \u00e4r medel till \u00f6ver medel beroende p\u00e5 applicering. Kommer i en docks\u00f6t, ljusrosa dosa med spegel i locket!<\/p>\n<p><strong>Betyg: <\/strong>7\/10<\/p>\n<p><a href=\"http:\/\/blogg.improveme.se\/ellenf\/files\/2015\/09\/bild17.png\"><img loading=\"lazy\" decoding=\"async\" class=\"aligncenter  wp-image-24601\" src=\"http:\/\/blogg.improveme.se\/ellenf\/files\/2015\/09\/bild17-755x997.png\" alt=\"bild(17)\" width=\"554\" height=\"731\" srcset=\"https:\/\/blogg.improveme.se\/ellenf\/files\/2015\/09\/bild17-755x997.png 755w, https:\/\/blogg.improveme.se\/ellenf\/files\/2015\/09\/bild17-227x300.png 227w, https:\/\/blogg.improveme.se\/ellenf\/files\/2015\/09\/bild17.png 884w\" sizes=\"auto, (max-width: 554px) 100vw, 554px\" \/><\/a><\/p>\n","protected":false},"excerpt":{"rendered":"<p>Med en SPF p\u00e5 30 passar detta mineralpudret p\u00e5 sommaren s\u00e5v\u00e4l som h\u00f6stsemestern. Tyv\u00e4rr finns inte m\u00e4rket i Sverige \u00e4n utan du f\u00e5r passa p\u00e5 om du \u00e4r utomlands eller handlar i en utl\u00e4ndsk webshop.\u00a0 Formulan \u00e4r mjuk och sm\u00e4lter in i huden utan att bli &#8221;kakig&#8221; \u2013 \u00e4ven f\u00f6r dig som \u00e4r ganska torr! &#8230; <a title=\"PRECIOUS MINERAL BB Compact Bright Fit\" class=\"read-more\" href=\"https:\/\/blogg.improveme.se\/ellenf\/2015\/09\/04\/precious-mineral-bb-compact-bright-fit\/\" aria-label=\"L\u00e4s mer om PRECIOUS MINERAL BB Compact Bright Fit\">L\u00e4s mer<\/a><\/p>\n","protected":false},"author":1767,"featured_media":0,"comment_status":"open","ping_status":"open","sticky":false,"template":"","format":"standard","meta":{"footnotes":""},"categories":[1,6],"tags":[],"class_list":["post-24600","post","type-post","status-publish","format-standard","hentry","category-okategoriserad","category-skonhet"],"_links":{"self":[{"href":"https:\/\/blogg.improveme.se\/ellenf\/wp-json\/wp\/v2\/posts\/24600","targetHints":{"allow":["GET"]}}],"collection":[{"href":"https:\/\/blogg.improveme.se\/ellenf\/wp-json\/wp\/v2\/posts"}],"about":[{"href":"https:\/\/blogg.improveme.se\/ellenf\/wp-json\/wp\/v2\/types\/post"}],"author":[{"embeddable":true,"href":"https:\/\/blogg.improveme.se\/ellenf\/wp-json\/wp\/v2\/users\/1767"}],"replies":[{"embeddable":true,"href":"https:\/\/blogg.improveme.se\/ellenf\/wp-json\/wp\/v2\/comments?post=24600"}],"version-history":[{"count":0,"href":"https:\/\/blogg.improveme.se\/ellenf\/wp-json\/wp\/v2\/posts\/24600\/revisions"}],"wp:attachment":[{"href":"https:\/\/blogg.improveme.se\/ellenf\/wp-json\/wp\/v2\/media?parent=24600"}],"wp:term":[{"taxonomy":"category","embeddable":true,"href":"https:\/\/blogg.improveme.se\/ellenf\/wp-json\/wp\/v2\/categories?post=24600"},{"taxonomy":"post_tag","embeddable":true,"href":"https:\/\/blogg.improveme.se\/ellenf\/wp-json\/wp\/v2\/tags?post=24600"}],"curies":[{"name":"wp","href":"https:\/\/api.w.org\/{rel}","templated":true}]}}