{"id":24621,"date":"2015-09-09T16:05:43","date_gmt":"2015-09-09T14:05:43","guid":{"rendered":"http:\/\/blogg.improveme.se\/ellenf\/?p=24621"},"modified":"2015-09-10T10:11:02","modified_gmt":"2015-09-10T08:11:02","slug":"future-generations-will-judge-us","status":"publish","type":"post","link":"https:\/\/blogg.improveme.se\/ellenf\/2015\/09\/09\/future-generations-will-judge-us\/","title":{"rendered":"Future generations will judge us."},"content":{"rendered":"<p>N\u00e4r historieskrivningen kommer att beskriva v\u00e5r generation kommer man fr\u00e5ga sig varf\u00f6r vi inte gjorde n\u00e5got \u00e5t IS. Fokus har varit 100% p\u00e5 att hj\u00e4lpa flyktingar och 0% p\u00e5 att stoppa orsaken till att de m\u00e5ste fly i f\u00f6rsta hand. Har inte h\u00f6rt ett ord fr\u00e5n L\u00f6v\u00e9n i den fr\u00e5gan. Ebba Busch Thor \u00e4r en av f\u00e5 svenska politiker som har v\u00e5gat ta upp \u00e4mnet. I hennes tal i Almedalen talade hon om att skicka JAS-plan m.m. Tyv\u00e4rr \u00e4r ju KD ett sjunkande skepp utan reellt inflytande i svensk politik. Jag s\u00e4ger tyv\u00e4rr eftersom jag tycker att det \u00e4r ett parti med bra potential. Det skulle f\u00f6rv\u00e5na mig om de ens kommer in i Riksdagen 2018. Sedan blir det en v\u00e4ldigt m\u00e4rklig situation n\u00e4r flyktingar flyr FR\u00c5N Danmark med formuleringen &#8221;H\u00e4r har vi inget att h\u00e4mta &#8211; Vi vill bara till Sverige&#8221;. Vad jag vet p\u00e5g\u00e5r inget krig d\u00e4r och r\u00e4tten att s\u00f6ka asyl \u00e4r densamma. De flesta svenskar vill hj\u00e4lpa till men undrar \u00f6ver vilket s\u00e4tt som \u00e4r mest effektivt. Jag vill v\u00e4dja till alla v\u00e4lmenande m\u00e4nniskor att hj\u00e4lpa till genom att sk\u00e4nka pengar till FN:s flyktingorgan <a href=\"http:\/\/sverigeforunhcr.se\/\"><strong>UNHCR. <\/strong><\/a>Det mest p\u00e5litliga och \u00f6vergripande alternativet! De ger skydd till de allra svagaste. \u00c4ldre, sjuka och barn som inte kan fly. Det \u00e4r viktigt att fokusera p\u00e5 att de flesta som beh\u00f6ver hj\u00e4lp \u00e4r kvar p\u00e5 plats och inte har pengar eller andra medel som beh\u00f6vs f\u00f6r att fly.<\/p>\n<p><strong>Intressant l\u00e4sning:<\/strong> <a href=\"http:\/\/www.svd.se\/kamp-mot-is-nyckeln-till-fred\">Kampen mot IS \u00e4r nyckeln till fred!<\/a><\/p>\n","protected":false},"excerpt":{"rendered":"<p>N\u00e4r historieskrivningen kommer att beskriva v\u00e5r generation kommer man fr\u00e5ga sig varf\u00f6r vi inte gjorde n\u00e5got \u00e5t IS. Fokus har varit 100% p\u00e5 att hj\u00e4lpa flyktingar och 0% p\u00e5 att stoppa orsaken till att de m\u00e5ste fly i f\u00f6rsta hand. Har inte h\u00f6rt ett ord fr\u00e5n L\u00f6v\u00e9n i den fr\u00e5gan. Ebba Busch Thor \u00e4r en &#8230; <a title=\"Future generations will judge us.\" class=\"read-more\" href=\"https:\/\/blogg.improveme.se\/ellenf\/2015\/09\/09\/future-generations-will-judge-us\/\" aria-label=\"L\u00e4s mer om Future generations will judge us.\">L\u00e4s mer<\/a><\/p>\n","protected":false},"author":1767,"featured_media":0,"comment_status":"open","ping_status":"open","sticky":false,"template":"","format":"standard","meta":{"footnotes":""},"categories":[1,4],"tags":[],"class_list":["post-24621","post","type-post","status-publish","format-standard","hentry","category-okategoriserad","category-personligt"],"_links":{"self":[{"href":"https:\/\/blogg.improveme.se\/ellenf\/wp-json\/wp\/v2\/posts\/24621","targetHints":{"allow":["GET"]}}],"collection":[{"href":"https:\/\/blogg.improveme.se\/ellenf\/wp-json\/wp\/v2\/posts"}],"about":[{"href":"https:\/\/blogg.improveme.se\/ellenf\/wp-json\/wp\/v2\/types\/post"}],"author":[{"embeddable":true,"href":"https:\/\/blogg.improveme.se\/ellenf\/wp-json\/wp\/v2\/users\/1767"}],"replies":[{"embeddable":true,"href":"https:\/\/blogg.improveme.se\/ellenf\/wp-json\/wp\/v2\/comments?post=24621"}],"version-history":[{"count":0,"href":"https:\/\/blogg.improveme.se\/ellenf\/wp-json\/wp\/v2\/posts\/24621\/revisions"}],"wp:attachment":[{"href":"https:\/\/blogg.improveme.se\/ellenf\/wp-json\/wp\/v2\/media?parent=24621"}],"wp:term":[{"taxonomy":"category","embeddable":true,"href":"https:\/\/blogg.improveme.se\/ellenf\/wp-json\/wp\/v2\/categories?post=24621"},{"taxonomy":"post_tag","embeddable":true,"href":"https:\/\/blogg.improveme.se\/ellenf\/wp-json\/wp\/v2\/tags?post=24621"}],"curies":[{"name":"wp","href":"https:\/\/api.w.org\/{rel}","templated":true}]}}