{"id":24643,"date":"2015-09-11T11:19:44","date_gmt":"2015-09-11T09:19:44","guid":{"rendered":"http:\/\/blogg.improveme.se\/ellenf\/?p=24643"},"modified":"2015-09-11T11:19:44","modified_gmt":"2015-09-11T09:19:44","slug":"new-start","status":"publish","type":"post","link":"https:\/\/blogg.improveme.se\/ellenf\/2015\/09\/11\/new-start\/","title":{"rendered":"New start."},"content":{"rendered":"<p>Snart \u00e4r det dags f\u00f6r mig att flytta in i en tv\u00e5a p\u00e5 fj\u00e4rde v\u00e5ningen i detta vackra tr\u00e4hus mitt i skogen. Jag var och tittade p\u00e5 det idag, och \u00e4ven om det fortfarande \u00e4r en byggarbetsplats kan man nu se hur det kommer att se ut. Man f\u00e5r v\u00e4lja om man vill ha inglasad balkong eller ej, och jag \u00e4r s\u00e5 himla kluven ang\u00e5ende det. F\u00f6r min egen del gillar jag \u00f6ppenhet b\u00e4ttre, men samtidigt ska jag ju ha en kattunge och har man inglasat kan den ju vara p\u00e5 balkongen utan att man beh\u00f6ver oroa sig. Vad tycker ni? Beh\u00f6ver r\u00e5d.! Idag blir det yoga och sedan middag med en v\u00e4n. N\u00e4sta vecka kommer lite roliga t\u00e4vlingar! KRAM<\/p>\n<p>&nbsp;<\/p>\n<p><a href=\"http:\/\/blogg.improveme.se\/ellenf\/files\/2015\/09\/bild173-e1441962817550.jpg\"><img loading=\"lazy\" decoding=\"async\" class=\"aligncenter size-large wp-image-24644\" src=\"http:\/\/blogg.improveme.se\/ellenf\/files\/2015\/09\/bild173-e1441962817550-755x1006.jpg\" alt=\"bild(173)\" width=\"755\" height=\"1006\" srcset=\"https:\/\/blogg.improveme.se\/ellenf\/files\/2015\/09\/bild173-e1441962817550-755x1006.jpg 755w, https:\/\/blogg.improveme.se\/ellenf\/files\/2015\/09\/bild173-e1441962817550-225x300.jpg 225w, https:\/\/blogg.improveme.se\/ellenf\/files\/2015\/09\/bild173-e1441962817550.jpg 1218w\" sizes=\"auto, (max-width: 755px) 100vw, 755px\" \/><\/a><\/p>\n","protected":false},"excerpt":{"rendered":"<p>Snart \u00e4r det dags f\u00f6r mig att flytta in i en tv\u00e5a p\u00e5 fj\u00e4rde v\u00e5ningen i detta vackra tr\u00e4hus mitt i skogen. Jag var och tittade p\u00e5 det idag, och \u00e4ven om det fortfarande \u00e4r en byggarbetsplats kan man nu se hur det kommer att se ut. Man f\u00e5r v\u00e4lja om man vill ha inglasad &#8230; <a title=\"New start.\" class=\"read-more\" href=\"https:\/\/blogg.improveme.se\/ellenf\/2015\/09\/11\/new-start\/\" aria-label=\"L\u00e4s mer om New start.\">L\u00e4s mer<\/a><\/p>\n","protected":false},"author":1767,"featured_media":0,"comment_status":"open","ping_status":"open","sticky":false,"template":"","format":"standard","meta":{"footnotes":""},"categories":[1,4],"tags":[],"class_list":["post-24643","post","type-post","status-publish","format-standard","hentry","category-okategoriserad","category-personligt"],"_links":{"self":[{"href":"https:\/\/blogg.improveme.se\/ellenf\/wp-json\/wp\/v2\/posts\/24643","targetHints":{"allow":["GET"]}}],"collection":[{"href":"https:\/\/blogg.improveme.se\/ellenf\/wp-json\/wp\/v2\/posts"}],"about":[{"href":"https:\/\/blogg.improveme.se\/ellenf\/wp-json\/wp\/v2\/types\/post"}],"author":[{"embeddable":true,"href":"https:\/\/blogg.improveme.se\/ellenf\/wp-json\/wp\/v2\/users\/1767"}],"replies":[{"embeddable":true,"href":"https:\/\/blogg.improveme.se\/ellenf\/wp-json\/wp\/v2\/comments?post=24643"}],"version-history":[{"count":0,"href":"https:\/\/blogg.improveme.se\/ellenf\/wp-json\/wp\/v2\/posts\/24643\/revisions"}],"wp:attachment":[{"href":"https:\/\/blogg.improveme.se\/ellenf\/wp-json\/wp\/v2\/media?parent=24643"}],"wp:term":[{"taxonomy":"category","embeddable":true,"href":"https:\/\/blogg.improveme.se\/ellenf\/wp-json\/wp\/v2\/categories?post=24643"},{"taxonomy":"post_tag","embeddable":true,"href":"https:\/\/blogg.improveme.se\/ellenf\/wp-json\/wp\/v2\/tags?post=24643"}],"curies":[{"name":"wp","href":"https:\/\/api.w.org\/{rel}","templated":true}]}}