{"id":24694,"date":"2015-09-19T16:55:17","date_gmt":"2015-09-19T14:55:17","guid":{"rendered":"http:\/\/blogg.improveme.se\/ellenf\/?p=24694"},"modified":"2015-09-19T16:55:17","modified_gmt":"2015-09-19T14:55:17","slug":"tag-dejt-med-alex-sigge","status":"publish","type":"post","link":"https:\/\/blogg.improveme.se\/ellenf\/2015\/09\/19\/tag-dejt-med-alex-sigge\/","title":{"rendered":"&#8221;T\u00e5g-dejt&#8221; med Alex &amp; Sigge!"},"content":{"rendered":"<p>Ni som har f\u00f6ljt min blogg har ju sett mitt intresse f\u00f6r Alex &amp; Sigges Ipod som jag numera f\u00f6ljer med n\u00e5got av en besatthet. N\u00e4r sedan denna inbjudan d\u00f6k upp kunde jag ju inte tacka nej! Jag och min bloggkollega ska \u00e4ven f\u00e5 g\u00f6ra en personlig intervju s\u00e5 det k\u00e4nns som ett universellt uppl\u00e4gg pga bra karma. Har varit v\u00e4ldigt sn\u00e4ll p\u00e5 sistone! Naturligtvis f\u00e5r \u00e4ven ni f\u00f6lja med p\u00e5 resan genom uppdateringar i bloggen. Vill \u00e4ven passa p\u00e5 att rekommendera en ny serie jag har b\u00f6rjat f\u00f6lja. <strong>Mr Robot! <\/strong>V\u00e4lproducerat, bra sk\u00e5disar och sp\u00e4nnande handling! Piloten finns p\u00e5 SVT Play men jag har str\u00e4ck-kollat till avsnitt 8 nu sedan jag vaknade idag. Nu blir det jobb ist\u00e4llet \u2013 inl\u00e4sning inf\u00f6r n\u00e4mndsammantr\u00e4den p\u00e5 b\u00e5de m\u00e5ndag och onsdag! I work (out) !<\/p>\n<p>&nbsp;<\/p>\n<p><a href=\"http:\/\/blogg.improveme.se\/ellenf\/files\/2015\/09\/12030877_10153575322930993_242188050_n.jpg\"><img loading=\"lazy\" decoding=\"async\" class=\"aligncenter size-large wp-image-24695\" src=\"http:\/\/blogg.improveme.se\/ellenf\/files\/2015\/09\/12030877_10153575322930993_242188050_n-755x532.jpg\" alt=\"12030877_10153575322930993_242188050_n\" width=\"755\" height=\"532\" srcset=\"https:\/\/blogg.improveme.se\/ellenf\/files\/2015\/09\/12030877_10153575322930993_242188050_n-755x532.jpg 755w, https:\/\/blogg.improveme.se\/ellenf\/files\/2015\/09\/12030877_10153575322930993_242188050_n-300x211.jpg 300w, https:\/\/blogg.improveme.se\/ellenf\/files\/2015\/09\/12030877_10153575322930993_242188050_n.jpg 960w\" sizes=\"auto, (max-width: 755px) 100vw, 755px\" \/><\/a><\/p>\n","protected":false},"excerpt":{"rendered":"<p>Ni som har f\u00f6ljt min blogg har ju sett mitt intresse f\u00f6r Alex &amp; Sigges Ipod som jag numera f\u00f6ljer med n\u00e5got av en besatthet. N\u00e4r sedan denna inbjudan d\u00f6k upp kunde jag ju inte tacka nej! Jag och min bloggkollega ska \u00e4ven f\u00e5 g\u00f6ra en personlig intervju s\u00e5 det k\u00e4nns som ett universellt uppl\u00e4gg &#8230; <a title=\"&#8221;T\u00e5g-dejt&#8221; med Alex &amp; Sigge!\" class=\"read-more\" href=\"https:\/\/blogg.improveme.se\/ellenf\/2015\/09\/19\/tag-dejt-med-alex-sigge\/\" aria-label=\"L\u00e4s mer om &#8221;T\u00e5g-dejt&#8221; med Alex &amp; Sigge!\">L\u00e4s mer<\/a><\/p>\n","protected":false},"author":1767,"featured_media":0,"comment_status":"open","ping_status":"open","sticky":false,"template":"","format":"standard","meta":{"footnotes":""},"categories":[4],"tags":[],"class_list":["post-24694","post","type-post","status-publish","format-standard","hentry","category-personligt"],"_links":{"self":[{"href":"https:\/\/blogg.improveme.se\/ellenf\/wp-json\/wp\/v2\/posts\/24694","targetHints":{"allow":["GET"]}}],"collection":[{"href":"https:\/\/blogg.improveme.se\/ellenf\/wp-json\/wp\/v2\/posts"}],"about":[{"href":"https:\/\/blogg.improveme.se\/ellenf\/wp-json\/wp\/v2\/types\/post"}],"author":[{"embeddable":true,"href":"https:\/\/blogg.improveme.se\/ellenf\/wp-json\/wp\/v2\/users\/1767"}],"replies":[{"embeddable":true,"href":"https:\/\/blogg.improveme.se\/ellenf\/wp-json\/wp\/v2\/comments?post=24694"}],"version-history":[{"count":0,"href":"https:\/\/blogg.improveme.se\/ellenf\/wp-json\/wp\/v2\/posts\/24694\/revisions"}],"wp:attachment":[{"href":"https:\/\/blogg.improveme.se\/ellenf\/wp-json\/wp\/v2\/media?parent=24694"}],"wp:term":[{"taxonomy":"category","embeddable":true,"href":"https:\/\/blogg.improveme.se\/ellenf\/wp-json\/wp\/v2\/categories?post=24694"},{"taxonomy":"post_tag","embeddable":true,"href":"https:\/\/blogg.improveme.se\/ellenf\/wp-json\/wp\/v2\/tags?post=24694"}],"curies":[{"name":"wp","href":"https:\/\/api.w.org\/{rel}","templated":true}]}}