{"id":24719,"date":"2015-09-23T17:34:46","date_gmt":"2015-09-23T15:34:46","guid":{"rendered":"http:\/\/blogg.improveme.se\/ellenf\/?p=24719"},"modified":"2015-09-23T17:47:40","modified_gmt":"2015-09-23T15:47:40","slug":"update-274","status":"publish","type":"post","link":"https:\/\/blogg.improveme.se\/ellenf\/2015\/09\/23\/update-274\/","title":{"rendered":"Update &amp; Throwback."},"content":{"rendered":"<p>&nbsp;<\/p>\n<p>&nbsp;<\/p>\n<p><a href=\"http:\/\/blogg.improveme.se\/ellenf\/files\/2015\/09\/osminkad.png\"><img loading=\"lazy\" decoding=\"async\" class=\"aligncenter size-full wp-image-24718\" src=\"http:\/\/blogg.improveme.se\/ellenf\/files\/2015\/09\/osminkad.png\" alt=\"osminkad\" width=\"696\" height=\"532\" srcset=\"https:\/\/blogg.improveme.se\/ellenf\/files\/2015\/09\/osminkad.png 696w, https:\/\/blogg.improveme.se\/ellenf\/files\/2015\/09\/osminkad-300x229.png 300w\" sizes=\"auto, (max-width: 696px) 100vw, 696px\" \/><\/a><\/p>\n<p>Ibland f\u00e5r man bjuda p\u00e5 lite totalt osminkat och straight from the heart, No filter. Jag vet att M\u00e5ns inte k\u00e4nner s\u00e5h\u00e4r l\u00e4ngre eftersom han \u00e4r In a Relationship men jag saknar OSS s\u00e5 himla mycket. V\u00e5r v\u00e4nskap talar jag om d\u00e5. Den f\u00f6r\u00e4ndrades inte n\u00e4r jag tr\u00e4ffade n\u00e5gon annan men n\u00e4r han gjorde det. Story of my life. (Samma med mina andra ex som jag fortfarande \u00e4lskar som v\u00e4nner \u2013 Morgan &amp; Robban ). Huvudsaken \u00e4r att vi inte \u00e4r osams och att jag vet att v\u00e5r (min &amp; M\u00e5ns) gemensamma katt har det bra. Kan inte s\u00e4ga att mitt privatliv \u00e4r n\u00e5gon success-story just nu men k\u00e4nner att jag har mig sj\u00e4lv att skylla. Vilket \u00e4ven betyder att\u00a0 jag \u00e4r den som kan \u00e4ndra p\u00e5 det. Thats a good thing!. Att f\u00f6r\u00e4ndra andra m\u00e4nniskor \u00e4r n\u00e4mligen betydligt sv\u00e5rare \u2013 om inte om\u00f6jligt!.<\/p>\n<p>Detta \u00e4r min morgondag , inf\u00f6r intervjun med Alex &amp; Sigge:<\/p>\n<p>&#8221;Hej alla,<\/p>\n<div><\/div>\n<div>Varmt v\u00e4lkomna ska ni vara imorgon!<\/div>\n<div><\/div>\n<div><b><span style=\"font-size: 14px;text-decoration: underline\">Vi m\u00f6ts klockan 07.20 p\u00e5 SP\u00c5R 10 p\u00e5 centralen f\u00f6r avf\u00e4rd mot G\u00f6teborg.<\/span><\/b><\/div>\n<div><\/div>\n<div><b>N\u00e4r ni anl\u00e4nder p\u00e5 plats imorgon kommer ni delges ett k\u00f6rschema samt intervjutid och tid f\u00f6r pl\u00e5tning.\u00a0<\/b><\/div>\n<div><\/div>\n<div>Det kommer finns gott om god mat och dryck f\u00f6r er b\u00e5da v\u00e4garna och gott om tid f\u00f6r \u00f6vrigt arbete under resans g\u00e5ng.&#8221;<\/div>\n<div><\/div>\n<div>P\u00e5 mitt jobb (som f\u00f6rtroendevald inom politiken) g\u00e5r det of\u00f6rsk\u00e4mt bra. Och jag anser att man inte ska klaga s\u00e5 l\u00e4nge n\u00e5gon del av ens liv g\u00e5r bra \u2013 utan ist\u00e4llet fokusera p\u00e5 det som fungerar! L\u00e4ngtar nu efter att komma fram och ta en taxi till Vasastan och sedan dricka drinkar med n\u00e5gra av mina n\u00e4rmsta och roligaste v\u00e4nner! PUSS<\/div>\n<p>&nbsp;<\/p>\n","protected":false},"excerpt":{"rendered":"<p>&nbsp; &nbsp; Ibland f\u00e5r man bjuda p\u00e5 lite totalt osminkat och straight from the heart, No filter. Jag vet att M\u00e5ns inte k\u00e4nner s\u00e5h\u00e4r l\u00e4ngre eftersom han \u00e4r In a Relationship men jag saknar OSS s\u00e5 himla mycket. V\u00e5r v\u00e4nskap talar jag om d\u00e5. Den f\u00f6r\u00e4ndrades inte n\u00e4r jag tr\u00e4ffade n\u00e5gon annan men n\u00e4r han &#8230; <a title=\"Update &amp; Throwback.\" class=\"read-more\" href=\"https:\/\/blogg.improveme.se\/ellenf\/2015\/09\/23\/update-274\/\" aria-label=\"L\u00e4s mer om Update &amp; Throwback.\">L\u00e4s mer<\/a><\/p>\n","protected":false},"author":1767,"featured_media":0,"comment_status":"open","ping_status":"open","sticky":false,"template":"","format":"standard","meta":{"footnotes":""},"categories":[4],"tags":[],"class_list":["post-24719","post","type-post","status-publish","format-standard","hentry","category-personligt"],"_links":{"self":[{"href":"https:\/\/blogg.improveme.se\/ellenf\/wp-json\/wp\/v2\/posts\/24719","targetHints":{"allow":["GET"]}}],"collection":[{"href":"https:\/\/blogg.improveme.se\/ellenf\/wp-json\/wp\/v2\/posts"}],"about":[{"href":"https:\/\/blogg.improveme.se\/ellenf\/wp-json\/wp\/v2\/types\/post"}],"author":[{"embeddable":true,"href":"https:\/\/blogg.improveme.se\/ellenf\/wp-json\/wp\/v2\/users\/1767"}],"replies":[{"embeddable":true,"href":"https:\/\/blogg.improveme.se\/ellenf\/wp-json\/wp\/v2\/comments?post=24719"}],"version-history":[{"count":0,"href":"https:\/\/blogg.improveme.se\/ellenf\/wp-json\/wp\/v2\/posts\/24719\/revisions"}],"wp:attachment":[{"href":"https:\/\/blogg.improveme.se\/ellenf\/wp-json\/wp\/v2\/media?parent=24719"}],"wp:term":[{"taxonomy":"category","embeddable":true,"href":"https:\/\/blogg.improveme.se\/ellenf\/wp-json\/wp\/v2\/categories?post=24719"},{"taxonomy":"post_tag","embeddable":true,"href":"https:\/\/blogg.improveme.se\/ellenf\/wp-json\/wp\/v2\/tags?post=24719"}],"curies":[{"name":"wp","href":"https:\/\/api.w.org\/{rel}","templated":true}]}}