{"id":24762,"date":"2015-09-25T16:20:51","date_gmt":"2015-09-25T14:20:51","guid":{"rendered":"http:\/\/blogg.improveme.se\/ellenf\/?p=24762"},"modified":"2015-09-25T16:20:51","modified_gmt":"2015-09-25T14:20:51","slug":"nya-pop-stjarnor-fran-clinique","status":"publish","type":"post","link":"https:\/\/blogg.improveme.se\/ellenf\/2015\/09\/25\/nya-pop-stjarnor-fran-clinique\/","title":{"rendered":"Nya POP-stj\u00e4rnor fr\u00e5n CLINIQUE."},"content":{"rendered":"<p>Har ni hunnit testa <strong>Clinique Pop Lip Colour + Primer<\/strong> \u00e4n? Den \u00e5terfuktande formulan p\u00e5 detta l\u00e4ppstift har gjort den v\u00e4ldigt poppis sedan lanseringen i maj! Nu kompletteras f\u00e4rgutbudet med 8 nya nyanser som ser riktigt lockande ut!<\/p>\n<p>De nya f\u00e4rgerna \u00e4r i butik och p\u00e5 Clinique.se fr\u00e5n den <strong>19 oktober<\/strong>.<\/p>\n<p><strong>230 SEK<\/strong><\/p>\n<p><a href=\"http:\/\/blogg.improveme.se\/ellenf\/files\/2015\/09\/CGgpsqlMhnrOMj_-vjdGEygEIELxPsue71Nw-gtSigKe5WF6NZx10ylBlkhhwJOt44gaRhKzCFD1NYFThoYHUTQnyKcF4qggcO8d3LfUlXYD67-NWeTVn9XwGt_ROGZUdNLeQbGvz-DCHVqjYEAoK2XDZsM9FFyxXddBv30bXyVd9ICnac7q2Q-Ctd3wMVPH3-EbnaDr8Eu3FK0jVmw5p4izhQ.jpg\"><img loading=\"lazy\" decoding=\"async\" class=\"aligncenter size-large wp-image-24763\" src=\"http:\/\/blogg.improveme.se\/ellenf\/files\/2015\/09\/CGgpsqlMhnrOMj_-vjdGEygEIELxPsue71Nw-gtSigKe5WF6NZx10ylBlkhhwJOt44gaRhKzCFD1NYFThoYHUTQnyKcF4qggcO8d3LfUlXYD67-NWeTVn9XwGt_ROGZUdNLeQbGvz-DCHVqjYEAoK2XDZsM9FFyxXddBv30bXyVd9ICnac7q2Q-Ctd3wMVPH3-EbnaDr8Eu3FK0jVmw5p4izhQ-755x566.jpg\" alt=\"CGgpsqlMhnrOMj_-vjdGEygEIELxPsue71Nw-gtSigKe5WF6NZx10ylBlkhhwJOt44gaRhKzCFD1NYFThoYHUTQnyKcF4qggcO8d3LfUlXYD67-NWeTVn9XwGt_ROGZUdNLeQbGvz-DCHVqjYEAoK2XDZsM9FFyxXddBv30bXyVd9ICnac7q2Q-Ctd3wMVPH3-EbnaDr8Eu3FK0jVmw5p4izhQ\" width=\"755\" height=\"566\" srcset=\"https:\/\/blogg.improveme.se\/ellenf\/files\/2015\/09\/CGgpsqlMhnrOMj_-vjdGEygEIELxPsue71Nw-gtSigKe5WF6NZx10ylBlkhhwJOt44gaRhKzCFD1NYFThoYHUTQnyKcF4qggcO8d3LfUlXYD67-NWeTVn9XwGt_ROGZUdNLeQbGvz-DCHVqjYEAoK2XDZsM9FFyxXddBv30bXyVd9ICnac7q2Q-Ctd3wMVPH3-EbnaDr8Eu3FK0jVmw5p4izhQ-755x566.jpg 755w, https:\/\/blogg.improveme.se\/ellenf\/files\/2015\/09\/CGgpsqlMhnrOMj_-vjdGEygEIELxPsue71Nw-gtSigKe5WF6NZx10ylBlkhhwJOt44gaRhKzCFD1NYFThoYHUTQnyKcF4qggcO8d3LfUlXYD67-NWeTVn9XwGt_ROGZUdNLeQbGvz-DCHVqjYEAoK2XDZsM9FFyxXddBv30bXyVd9ICnac7q2Q-Ctd3wMVPH3-EbnaDr8Eu3FK0jVmw5p4izhQ-300x224.jpg 300w, https:\/\/blogg.improveme.se\/ellenf\/files\/2015\/09\/CGgpsqlMhnrOMj_-vjdGEygEIELxPsue71Nw-gtSigKe5WF6NZx10ylBlkhhwJOt44gaRhKzCFD1NYFThoYHUTQnyKcF4qggcO8d3LfUlXYD67-NWeTVn9XwGt_ROGZUdNLeQbGvz-DCHVqjYEAoK2XDZsM9FFyxXddBv30bXyVd9ICnac7q2Q-Ctd3wMVPH3-EbnaDr8Eu3FK0jVmw5p4izhQ.jpg 839w\" sizes=\"auto, (max-width: 755px) 100vw, 755px\" \/><\/a><\/p>\n","protected":false},"excerpt":{"rendered":"<p>Har ni hunnit testa Clinique Pop Lip Colour + Primer \u00e4n? Den \u00e5terfuktande formulan p\u00e5 detta l\u00e4ppstift har gjort den v\u00e4ldigt poppis sedan lanseringen i maj! Nu kompletteras f\u00e4rgutbudet med 8 nya nyanser som ser riktigt lockande ut! De nya f\u00e4rgerna \u00e4r i butik och p\u00e5 Clinique.se fr\u00e5n den 19 oktober. 230 SEK<\/p>\n","protected":false},"author":1767,"featured_media":0,"comment_status":"open","ping_status":"open","sticky":false,"template":"","format":"standard","meta":{"footnotes":""},"categories":[6],"tags":[],"class_list":["post-24762","post","type-post","status-publish","format-standard","hentry","category-skonhet"],"_links":{"self":[{"href":"https:\/\/blogg.improveme.se\/ellenf\/wp-json\/wp\/v2\/posts\/24762","targetHints":{"allow":["GET"]}}],"collection":[{"href":"https:\/\/blogg.improveme.se\/ellenf\/wp-json\/wp\/v2\/posts"}],"about":[{"href":"https:\/\/blogg.improveme.se\/ellenf\/wp-json\/wp\/v2\/types\/post"}],"author":[{"embeddable":true,"href":"https:\/\/blogg.improveme.se\/ellenf\/wp-json\/wp\/v2\/users\/1767"}],"replies":[{"embeddable":true,"href":"https:\/\/blogg.improveme.se\/ellenf\/wp-json\/wp\/v2\/comments?post=24762"}],"version-history":[{"count":0,"href":"https:\/\/blogg.improveme.se\/ellenf\/wp-json\/wp\/v2\/posts\/24762\/revisions"}],"wp:attachment":[{"href":"https:\/\/blogg.improveme.se\/ellenf\/wp-json\/wp\/v2\/media?parent=24762"}],"wp:term":[{"taxonomy":"category","embeddable":true,"href":"https:\/\/blogg.improveme.se\/ellenf\/wp-json\/wp\/v2\/categories?post=24762"},{"taxonomy":"post_tag","embeddable":true,"href":"https:\/\/blogg.improveme.se\/ellenf\/wp-json\/wp\/v2\/tags?post=24762"}],"curies":[{"name":"wp","href":"https:\/\/api.w.org\/{rel}","templated":true}]}}