{"id":24783,"date":"2015-10-01T09:59:27","date_gmt":"2015-10-01T07:59:27","guid":{"rendered":"http:\/\/blogg.improveme.se\/ellenf\/?p=24783"},"modified":"2015-10-01T09:59:44","modified_gmt":"2015-10-01T07:59:44","slug":"intervju-med-alex-schulman-och-sigge-eklund-del-1","status":"publish","type":"post","link":"https:\/\/blogg.improveme.se\/ellenf\/2015\/10\/01\/intervju-med-alex-schulman-och-sigge-eklund-del-1\/","title":{"rendered":"Intervju med Alex Schulman och Sigge Eklund \u2013 Del 1"},"content":{"rendered":"<p><strong>Jag och <a href=\"http:\/\/nouw.com\/missanja\">Anja <\/a>steg en tidig tisdagsmorgon ombord p\u00e5 MTR Express, p\u00e5 v\u00e4g till G\u00f6teborgs bokm\u00e4ssa. Ombord p\u00e5 t\u00e5get befann sig Alex och Sigge f\u00f6r att promota sin nya bok TID och jag och Anja hade lyckats boka in en intervju och gemensamt skrivit ihop n\u00e5gra fr\u00e5gor. Vi fick exakt tio minuter p\u00e5 oss och den mycket trevliga PR-tjejen stod utanf\u00f6r deras privata &#8221;Suite&#8221; med en stoppklocka i handen. V\u00e5r stund med super-duon b\u00f6rjade dock med att Alex och Sigge,\u00a0 som de nyfikna &#8221;iakttagare&#8221; de \u00e4r, ville veta mer om v\u00e5ra bloggar. De pratar i munnen p\u00e5 varandra, med den l\u00e4tthet som vanligtvis \u00e5terfinns hos gifta par eller syskon.<\/strong><\/p>\n<p>&nbsp;<\/p>\n<p><a href=\"http:\/\/blogg.improveme.se\/ellenf\/files\/2015\/09\/12004901_10156156704995094_6829160812396829744_n1.jpg\"><img loading=\"lazy\" decoding=\"async\" class=\"aligncenter size-large wp-image-24784\" src=\"http:\/\/blogg.improveme.se\/ellenf\/files\/2015\/09\/12004901_10156156704995094_6829160812396829744_n1-755x755.jpg\" alt=\"12004901_10156156704995094_6829160812396829744_n\" width=\"755\" height=\"755\" srcset=\"https:\/\/blogg.improveme.se\/ellenf\/files\/2015\/09\/12004901_10156156704995094_6829160812396829744_n1-755x755.jpg 755w, https:\/\/blogg.improveme.se\/ellenf\/files\/2015\/09\/12004901_10156156704995094_6829160812396829744_n1-150x150.jpg 150w, https:\/\/blogg.improveme.se\/ellenf\/files\/2015\/09\/12004901_10156156704995094_6829160812396829744_n1-300x300.jpg 300w, https:\/\/blogg.improveme.se\/ellenf\/files\/2015\/09\/12004901_10156156704995094_6829160812396829744_n1.jpg 960w\" sizes=\"auto, (max-width: 755px) 100vw, 755px\" \/><\/a><\/p>\n<p>&nbsp;<\/p>\n<p>&nbsp;<\/p>\n<p><strong>Ni k\u00e4nns lite som ett gift par \u2013 p\u00e5 vilket s\u00e4tt kompletterar ni varandra?\u00a0 \u00a0<\/strong><br \/>\n<strong>Sigge:<\/strong> <em>Ja, precis som ett gift par.<\/em><br \/>\n<strong>Alex:<\/strong> V<em>i \u00e4r v\u00e4ldigt olika och v\u00e4ldigt lika. Vi \u00e4r b\u00e5da lika besatta av v\u00e5ra barndomar. Vi \u00e4r tv\u00e5 betraktare och jag har hittat en broder i att Sigge betraktar livet som jag g\u00f6r. Vi \u00e4r iakttagare, skribenter och tycker om ber\u00e4ttelser och ber\u00e4ttandet. Vi har ocks\u00e5 m\u00e5nga olikheter, Sigge det kan ju du ber\u00e4tta lite mer om?<\/em><br \/>\n<strong>Sigge:<\/strong> <em>Jag tror Alex \u00e4r lite mer neurotisk lagd, en orolig sj\u00e4l s\u00e5 att s\u00e4ga. Men \u00e5 andra sidan betyder det att han tar in livet mer. Det jag tycker \u00e4r sp\u00e4nnande med Alex \u00e4r att om han till exempel g\u00e5r och k\u00f6per bl\u00f6jor, d\u00e5 kommer han att se detaljer i det. Han kommer ha k\u00e4nt och sett n\u00e5gonting i alla m\u00e4nniskor i butiken. Medan jag skulle g\u00e5 ner till butiken med gr\u00f6t i huvudet, utan k\u00e4nslor, d\u00e4remot g\u00e5 d\u00e4rifr\u00e5n med en teori om aff\u00e4rens verksamhet \u2013 och p\u00e5 s\u00e5 s\u00e4tt kompletterar vi varandra bra. Sedan tror jag att vi kan anv\u00e4nda varandra mer \u00e4n ett gift par. N\u00e4r man gift m\u00e5ste man vara h\u00f6vlig, men vi kan ist\u00e4llet f\u00e5 ut v\u00e5r m\u00f6rka energi. Om Alex har en d\u00e5lig dag, d\u00e5 kan jag bjuda p\u00e5 det \u2013 att han f\u00e5r ut sin irritation, och tv\u00e4rtom. Att vi kan vara varandras spottkoppar.<\/em><\/p>\n<p>(Alex avbryter Sigge och s\u00e4ger att han svarar f\u00f6r l\u00e5ngt<em>.)<br \/>\n<\/em><\/p>\n<p><strong>Alex:<\/strong> <em>Jag svarar kort p\u00e5 fr\u00e5gor och Sigge ger l\u00e5nga svar.<\/em><br \/>\n<strong>Sigge:<\/strong> J<em>a, ni h\u00f6r ju den passiva aggressiviteten som uppst\u00e5r.<\/em><\/p>\n<p>De ler initierat mot varandra och jag st\u00e4ller f\u00f6ljdfr\u00e5gan om det finns n\u00e5got som skulle kunna f\u00e5 dem att bli ov\u00e4nner \u2013 p\u00e5 riktigt.<\/p>\n<p><strong>Sigge: <\/strong><em>Jag k\u00e4nner Alex s\u00e5 v\u00e4l nu att jag skulle kunna svara att jag tror att jag har sett alla sidor.\u00a0 S\u00e5 det skulle vara m\u00e4rkligt om det<\/em><br \/>\n<em> kom upp n\u00e5gonting nu som skulle vara uppr\u00f6rande&#8230;..Men om han hade varit pedofil s\u00e5 hade det varit sv\u00e5rt att acceptera.<\/em><br \/>\n<strong>Alex:<\/strong> <em>Men om jag hade varit det s\u00e5 hade du v\u00e4l \u00e4nd\u00e5 p\u00e5 n\u00e5got s\u00e4tt \u00f6mmat f\u00f6r mig?<\/em><br \/>\n<strong>Sigge<\/strong>: <em>Nej , det skulle vara v\u00e4ldigt sv\u00e5rt att umg\u00e5s med dig om du f\u00f6rgrep dig p\u00e5 barn.<\/em><br \/>\n<strong>Alex:<\/strong> <em>Men det skulle vara synd om mig d\u00e5 ju!<\/em><br \/>\n<strong>Sigge:<\/strong> <em>Jag vet, men det f\u00e5r du ta med en terapeut i s\u00e5 fall \u2013 inte med mig.<\/em><\/p>\n<p><strong>Om n\u00e5gon av er var otrogen med den andres fru \u2013 \u00e4r det n\u00e5got ni skulle komma \u00f6ver?<\/strong><\/p>\n<p><strong>Sigge: <\/strong><em>Nej, men jag har sv\u00e5rt att se att det skulle kunna h\u00e4nda.<\/em><br \/>\n<strong>Alex:<\/strong><em> Malin \u00e4r ju r\u00e4tt tajt i och f\u00f6r sig&#8230;<\/em><\/p>\n<p>Sigge ignorerar Alex sista uttalande men inflikar att det som d\u00e4remot skulle kunna h\u00e4nda \u00e4r att de skulle ha det s\u00e5 bra tillsammans\u00a0 att deras podcast skulle bli ointressant. Och att han sj\u00e4lv kan tycka att det \u00e4r irriterande med pods d\u00e4r folk trivs med varandra hela tiden.<\/p>\n<p><strong>Sigge: <\/strong><em>Man blir bara arg och avundsjuk n\u00e4r man h\u00f6r<\/em><em>s\u00e5nt. Folk gillar att det finns en glipa d\u00e4r.<\/em><\/p>\n<p>Forts\u00e4ttning f\u00f6ljer&#8230;<\/p>\n<p>&nbsp;<\/p>\n","protected":false},"excerpt":{"rendered":"<p>Jag och Anja steg en tidig tisdagsmorgon ombord p\u00e5 MTR Express, p\u00e5 v\u00e4g till G\u00f6teborgs bokm\u00e4ssa. Ombord p\u00e5 t\u00e5get befann sig Alex och Sigge f\u00f6r att promota sin nya bok TID och jag och Anja hade lyckats boka in en intervju och gemensamt skrivit ihop n\u00e5gra fr\u00e5gor. Vi fick exakt tio minuter p\u00e5 oss och &#8230; <a title=\"Intervju med Alex Schulman och Sigge Eklund \u2013 Del 1\" class=\"read-more\" href=\"https:\/\/blogg.improveme.se\/ellenf\/2015\/10\/01\/intervju-med-alex-schulman-och-sigge-eklund-del-1\/\" aria-label=\"L\u00e4s mer om Intervju med Alex Schulman och Sigge Eklund \u2013 Del 1\">L\u00e4s mer<\/a><\/p>\n","protected":false},"author":1767,"featured_media":0,"comment_status":"open","ping_status":"open","sticky":false,"template":"","format":"standard","meta":{"footnotes":""},"categories":[1],"tags":[],"class_list":["post-24783","post","type-post","status-publish","format-standard","hentry","category-okategoriserad"],"_links":{"self":[{"href":"https:\/\/blogg.improveme.se\/ellenf\/wp-json\/wp\/v2\/posts\/24783","targetHints":{"allow":["GET"]}}],"collection":[{"href":"https:\/\/blogg.improveme.se\/ellenf\/wp-json\/wp\/v2\/posts"}],"about":[{"href":"https:\/\/blogg.improveme.se\/ellenf\/wp-json\/wp\/v2\/types\/post"}],"author":[{"embeddable":true,"href":"https:\/\/blogg.improveme.se\/ellenf\/wp-json\/wp\/v2\/users\/1767"}],"replies":[{"embeddable":true,"href":"https:\/\/blogg.improveme.se\/ellenf\/wp-json\/wp\/v2\/comments?post=24783"}],"version-history":[{"count":0,"href":"https:\/\/blogg.improveme.se\/ellenf\/wp-json\/wp\/v2\/posts\/24783\/revisions"}],"wp:attachment":[{"href":"https:\/\/blogg.improveme.se\/ellenf\/wp-json\/wp\/v2\/media?parent=24783"}],"wp:term":[{"taxonomy":"category","embeddable":true,"href":"https:\/\/blogg.improveme.se\/ellenf\/wp-json\/wp\/v2\/categories?post=24783"},{"taxonomy":"post_tag","embeddable":true,"href":"https:\/\/blogg.improveme.se\/ellenf\/wp-json\/wp\/v2\/tags?post=24783"}],"curies":[{"name":"wp","href":"https:\/\/api.w.org\/{rel}","templated":true}]}}