{"id":24792,"date":"2015-10-02T13:18:19","date_gmt":"2015-10-02T11:18:19","guid":{"rendered":"http:\/\/blogg.improveme.se\/ellenf\/?p=24792"},"modified":"2015-10-02T13:18:19","modified_gmt":"2015-10-02T11:18:19","slug":"blir-mamma-i-november","status":"publish","type":"post","link":"https:\/\/blogg.improveme.se\/ellenf\/2015\/10\/02\/blir-mamma-i-november\/","title":{"rendered":"Blir mamma i november!"},"content":{"rendered":"<p>Sitter just nu och funderar p\u00e5 bra pojknamn till en vit liten kattbebis som flyttar in hos mig i slutet p\u00e5 november! Den \u00e4r av rasen Exotic. Eftersom kattfamiljen bor i Bor\u00e5s har jag \u00e4nnu inte tr\u00e4ffat honom men har sett massor av bilder och det var k\u00e4rlek vid f\u00f6rsta \u00f6gonkast. Uppf\u00f6daren verkar j\u00e4ttebra och alla ungarna ska tydligen ha j\u00e4ttefint temperament och vara mycket gosiga! Betalade in handpenning ig\u00e5r s\u00e5 nu \u00e4r den &#8221;tingad&#8221;.\u00a0 \u00c4NTLIGEN!<\/p>\n<p>&nbsp;<\/p>\n<p><a href=\"http:\/\/blogg.improveme.se\/ellenf\/files\/2015\/10\/bild-116.jpg\"><img loading=\"lazy\" decoding=\"async\" class=\"aligncenter size-large wp-image-24793\" src=\"http:\/\/blogg.improveme.se\/ellenf\/files\/2015\/10\/bild-116-755x662.jpg\" alt=\"bild 1(16)\" width=\"755\" height=\"662\" srcset=\"https:\/\/blogg.improveme.se\/ellenf\/files\/2015\/10\/bild-116-755x662.jpg 755w, https:\/\/blogg.improveme.se\/ellenf\/files\/2015\/10\/bild-116-300x263.jpg 300w, https:\/\/blogg.improveme.se\/ellenf\/files\/2015\/10\/bild-116.jpg 960w\" sizes=\"auto, (max-width: 755px) 100vw, 755px\" \/><\/a><\/p>\n","protected":false},"excerpt":{"rendered":"<p>Sitter just nu och funderar p\u00e5 bra pojknamn till en vit liten kattbebis som flyttar in hos mig i slutet p\u00e5 november! Den \u00e4r av rasen Exotic. Eftersom kattfamiljen bor i Bor\u00e5s har jag \u00e4nnu inte tr\u00e4ffat honom men har sett massor av bilder och det var k\u00e4rlek vid f\u00f6rsta \u00f6gonkast. Uppf\u00f6daren verkar j\u00e4ttebra och &#8230; <a title=\"Blir mamma i november!\" class=\"read-more\" href=\"https:\/\/blogg.improveme.se\/ellenf\/2015\/10\/02\/blir-mamma-i-november\/\" aria-label=\"L\u00e4s mer om Blir mamma i november!\">L\u00e4s mer<\/a><\/p>\n","protected":false},"author":1767,"featured_media":0,"comment_status":"open","ping_status":"open","sticky":false,"template":"","format":"standard","meta":{"footnotes":""},"categories":[1],"tags":[],"class_list":["post-24792","post","type-post","status-publish","format-standard","hentry","category-okategoriserad"],"_links":{"self":[{"href":"https:\/\/blogg.improveme.se\/ellenf\/wp-json\/wp\/v2\/posts\/24792","targetHints":{"allow":["GET"]}}],"collection":[{"href":"https:\/\/blogg.improveme.se\/ellenf\/wp-json\/wp\/v2\/posts"}],"about":[{"href":"https:\/\/blogg.improveme.se\/ellenf\/wp-json\/wp\/v2\/types\/post"}],"author":[{"embeddable":true,"href":"https:\/\/blogg.improveme.se\/ellenf\/wp-json\/wp\/v2\/users\/1767"}],"replies":[{"embeddable":true,"href":"https:\/\/blogg.improveme.se\/ellenf\/wp-json\/wp\/v2\/comments?post=24792"}],"version-history":[{"count":0,"href":"https:\/\/blogg.improveme.se\/ellenf\/wp-json\/wp\/v2\/posts\/24792\/revisions"}],"wp:attachment":[{"href":"https:\/\/blogg.improveme.se\/ellenf\/wp-json\/wp\/v2\/media?parent=24792"}],"wp:term":[{"taxonomy":"category","embeddable":true,"href":"https:\/\/blogg.improveme.se\/ellenf\/wp-json\/wp\/v2\/categories?post=24792"},{"taxonomy":"post_tag","embeddable":true,"href":"https:\/\/blogg.improveme.se\/ellenf\/wp-json\/wp\/v2\/tags?post=24792"}],"curies":[{"name":"wp","href":"https:\/\/api.w.org\/{rel}","templated":true}]}}