{"id":24822,"date":"2015-10-05T15:30:41","date_gmt":"2015-10-05T13:30:41","guid":{"rendered":"http:\/\/blogg.improveme.se\/ellenf\/?p=24822"},"modified":"2015-10-05T15:39:38","modified_gmt":"2015-10-05T13:39:38","slug":"intervju-med-alex-sigge-om-boken-tid-del-2","status":"publish","type":"post","link":"https:\/\/blogg.improveme.se\/ellenf\/2015\/10\/05\/intervju-med-alex-sigge-om-boken-tid-del-2\/","title":{"rendered":"Intervju med Alex &amp; Sigge om boken &#8221;TID&#8221; \u2013 Del 2"},"content":{"rendered":"<p>&nbsp;<\/p>\n<p><a href=\"http:\/\/blogg.improveme.se\/ellenf\/files\/2015\/10\/ska.png\"><img loading=\"lazy\" decoding=\"async\" class=\"aligncenter size-full wp-image-24827\" src=\"http:\/\/blogg.improveme.se\/ellenf\/files\/2015\/10\/ska.png\" alt=\"ska\" width=\"694\" height=\"500\" srcset=\"https:\/\/blogg.improveme.se\/ellenf\/files\/2015\/10\/ska.png 694w, https:\/\/blogg.improveme.se\/ellenf\/files\/2015\/10\/ska-300x216.png 300w\" sizes=\"auto, (max-width: 694px) 100vw, 694px\" \/><\/a><\/p>\n<p>&nbsp;<\/p>\n<p>&nbsp;<\/p>\n<p>&nbsp;<\/p>\n<p><strong>Ni \u00e5terkommer ofta till tidstemat i podden, men vad fick er att skriva om \u00e4mnet \u00e4ven i bokform?<\/strong><\/p>\n<p><em><strong>Alex:<\/strong>\u00a0Att vi hela tiden kommer tillbaka till tiden. \u00c4ven om vi inte vill det s\u00e5 hamnar vi d\u00e4r till slut. Vi pratar om det som kommer att h\u00e4nda, det som har h\u00e4nt och om d\u00f6den. Vi dyker ner i tidsdimensioner hela tiden, det \u00e4r ju det som framf\u00f6r allt enar oss. S\u00e5 det h\u00e4r \u00e4r ett f\u00f6rs\u00f6k att f\u00e5 ett slutgiltigt grepp om det&#8230; Som har ett slutgiltigt grepp om oss.<\/em><\/p>\n<p><strong>Sigge:<\/strong> <em>Vi tar ett ansvar ocks\u00e5 f\u00f6r de som lyssnar eller l\u00e4ser.\u00a0 Att vi ska slippa \u00e4lta det h\u00e4r hela tiden. I bokens b\u00f6rjan \u00e4r vi fast i v\u00e5ra barndomar men l\u00e4ngre in i boken h\u00e4nder det saker. Vi kanske blir fria fr\u00e5n den h\u00e4r biten, i alla fall jag.<\/em><\/p>\n<p>\u2013<em> Sade Sigge och trummade n\u00f6jt p\u00e5 sitt eget verk<\/em>, tillade Alex. Framf\u00f6r dem ligger tv\u00e5 exemplar av TID \u2013 Anjas och mitt, som ska signeras efter intervjun.<\/p>\n<p><strong>Om ni skulle beskriva boken i en mening?<\/strong><\/p>\n<p><strong>Sigge:<\/strong> <em>Tankebok som inspirerar. \u00a0<\/em><br \/>\n<strong>Alex:<\/strong> <em>Jag skulle anv\u00e4nda undertiteln; Livet \u00e4r inte kronologiskt.<\/em><\/p>\n<p><strong>P\u00e5 vilket s\u00e4tt \u00e4r livet inte kronologiskt?<\/strong><\/p>\n<p><strong>Alex:<\/strong> <em>Vi lever i en tid d\u00e4r konsensus \u00e4r just att tiden \u00e4r linj\u00e4r<\/em>. <em>Men t\u00e4nk om den inte \u00e4r det, tiden kanske inte \u00e4r rak, utan b\u00f6jd. Om man t\u00e4nker tillbaka p\u00e5 n\u00e4r man var sju \u00e5r, fast man \u00e4r trettionio, kan man ju \u00e4nd\u00e5 k\u00e4nna samma k\u00e4nsla. N\u00e4r vi \u00e5terv\u00e4nder till v\u00e5ra barndomar, n\u00e4r Sigge kommer till Sk\u00e5ne d\u00e4r han var som liten, d\u00e4r hans farmor hade sin g\u00e5rd, d\u00e5 \u00e4r han kanske mer nio \u00e5r \u00e4n trettioett.<\/em><\/p>\n<p><strong>\u2013<\/strong><em>Precis!<\/em> inflikar Sigge.<em> Tiden \u00e4r ju osynlig, vi har inga bevis f\u00f6r att den faktiskt \u00e4r linj\u00e4r. Om tiden inte \u00e4r kronologisk s\u00e5 skulle det f\u00f6rklara varf\u00f6r vi ibland \u00e4r exakt likadana som n\u00e4r vi var femton. N\u00e4r jag \u00e4r p\u00e5 br\u00f6llop och ser andra som dansar och t\u00e4nker, \u201dkan de sl\u00e4cka ner h\u00e4r s\u00e5 att jag v\u00e5gar dansa, eller ska jag dricka n\u00e5got f\u00f6r att v\u00e5ga?&#8221;<\/em> <em>D\u00e5 \u00e5terv\u00e4nder jag till arton \u00e5r igen.\u00a0 Exakt samma k\u00e4nsla, det g\u00e5r inte ihop riktigt, det betyder att det finns saker i en som \u00e4r eviga, som inte f\u00f6rsvinner.<\/em><\/p>\n<p>Det knackar p\u00e5 d\u00f6rren till t\u00e5ghytten och vi v\u00e5r tid \u00e4r ute. Det b\u00f6rjar bildas en k\u00f6 utanf\u00f6r och magasinet RES st\u00e5r n\u00e4st p\u00e5 tur att intervjua. Tio minuter kan ibland k\u00e4nnas som tio sekunder. Det \u00e4r v\u00e4l det som f\u00f6r begreppet &#8221;tid&#8221; s\u00e5 komplext&#8230;<\/p>\n<p>&nbsp;<\/p>\n<p>Av <strong>Ellen Franzen<\/strong> och <strong>Anja Nilsson<\/strong><\/p>\n<p>Jag har nu l\u00e4st klart boken och recension kommer imorgon&#8230;<\/p>\n<p>&nbsp;<\/p>\n<p><a href=\"http:\/\/blogg.improveme.se\/ellenf\/files\/2015\/09\/12046916_10153586980365993_2916577241399745851_n-1.jpg\"><img loading=\"lazy\" decoding=\"async\" class=\"aligncenter  wp-image-24732\" src=\"http:\/\/blogg.improveme.se\/ellenf\/files\/2015\/09\/12046916_10153586980365993_2916577241399745851_n-1-755x755.jpg\" alt=\"12046916_10153586980365993_2916577241399745851_n-1\" width=\"556\" height=\"556\" srcset=\"https:\/\/blogg.improveme.se\/ellenf\/files\/2015\/09\/12046916_10153586980365993_2916577241399745851_n-1-755x755.jpg 755w, https:\/\/blogg.improveme.se\/ellenf\/files\/2015\/09\/12046916_10153586980365993_2916577241399745851_n-1-150x150.jpg 150w, https:\/\/blogg.improveme.se\/ellenf\/files\/2015\/09\/12046916_10153586980365993_2916577241399745851_n-1-300x300.jpg 300w, https:\/\/blogg.improveme.se\/ellenf\/files\/2015\/09\/12046916_10153586980365993_2916577241399745851_n-1.jpg 960w\" sizes=\"auto, (max-width: 556px) 100vw, 556px\" \/><\/a><\/p>\n<p>&nbsp;<\/p>\n<p>&nbsp;<\/p>\n<p>&nbsp;<\/p>\n<p>&nbsp;<\/p>\n","protected":false},"excerpt":{"rendered":"<p>&nbsp; &nbsp; &nbsp; &nbsp; Ni \u00e5terkommer ofta till tidstemat i podden, men vad fick er att skriva om \u00e4mnet \u00e4ven i bokform? Alex:\u00a0Att vi hela tiden kommer tillbaka till tiden. \u00c4ven om vi inte vill det s\u00e5 hamnar vi d\u00e4r till slut. Vi pratar om det som kommer att h\u00e4nda, det som har h\u00e4nt och &#8230; <a title=\"Intervju med Alex &amp; Sigge om boken &#8221;TID&#8221; \u2013 Del 2\" class=\"read-more\" href=\"https:\/\/blogg.improveme.se\/ellenf\/2015\/10\/05\/intervju-med-alex-sigge-om-boken-tid-del-2\/\" aria-label=\"L\u00e4s mer om Intervju med Alex &amp; Sigge om boken &#8221;TID&#8221; \u2013 Del 2\">L\u00e4s mer<\/a><\/p>\n","protected":false},"author":1767,"featured_media":0,"comment_status":"open","ping_status":"open","sticky":false,"template":"","format":"standard","meta":{"footnotes":""},"categories":[4],"tags":[],"class_list":["post-24822","post","type-post","status-publish","format-standard","hentry","category-personligt"],"_links":{"self":[{"href":"https:\/\/blogg.improveme.se\/ellenf\/wp-json\/wp\/v2\/posts\/24822","targetHints":{"allow":["GET"]}}],"collection":[{"href":"https:\/\/blogg.improveme.se\/ellenf\/wp-json\/wp\/v2\/posts"}],"about":[{"href":"https:\/\/blogg.improveme.se\/ellenf\/wp-json\/wp\/v2\/types\/post"}],"author":[{"embeddable":true,"href":"https:\/\/blogg.improveme.se\/ellenf\/wp-json\/wp\/v2\/users\/1767"}],"replies":[{"embeddable":true,"href":"https:\/\/blogg.improveme.se\/ellenf\/wp-json\/wp\/v2\/comments?post=24822"}],"version-history":[{"count":0,"href":"https:\/\/blogg.improveme.se\/ellenf\/wp-json\/wp\/v2\/posts\/24822\/revisions"}],"wp:attachment":[{"href":"https:\/\/blogg.improveme.se\/ellenf\/wp-json\/wp\/v2\/media?parent=24822"}],"wp:term":[{"taxonomy":"category","embeddable":true,"href":"https:\/\/blogg.improveme.se\/ellenf\/wp-json\/wp\/v2\/categories?post=24822"},{"taxonomy":"post_tag","embeddable":true,"href":"https:\/\/blogg.improveme.se\/ellenf\/wp-json\/wp\/v2\/tags?post=24822"}],"curies":[{"name":"wp","href":"https:\/\/api.w.org\/{rel}","templated":true}]}}