{"id":24848,"date":"2015-10-05T17:32:03","date_gmt":"2015-10-05T15:32:03","guid":{"rendered":"http:\/\/blogg.improveme.se\/ellenf\/?p=24848"},"modified":"2015-10-05T19:09:37","modified_gmt":"2015-10-05T17:09:37","slug":"tid-livet-ar-inte-kronologiskt-av-alex-schulman-sigge-eklund","status":"publish","type":"post","link":"https:\/\/blogg.improveme.se\/ellenf\/2015\/10\/05\/tid-livet-ar-inte-kronologiskt-av-alex-schulman-sigge-eklund\/","title":{"rendered":"TID : Livet \u00e4r inte kronologiskt av Alex Schulman, Sigge Eklund"},"content":{"rendered":"<p><a href=\"http:\/\/blogg.improveme.se\/ellenf\/files\/2015\/10\/tid-livet-ar-inte-kronologiskt.jpg\"><img loading=\"lazy\" decoding=\"async\" class=\"alignleft size-full wp-image-24849\" src=\"http:\/\/blogg.improveme.se\/ellenf\/files\/2015\/10\/tid-livet-ar-inte-kronologiskt.jpg\" alt=\"tid-livet-ar-inte-kronologiskt\" width=\"201\" height=\"201\" srcset=\"https:\/\/blogg.improveme.se\/ellenf\/files\/2015\/10\/tid-livet-ar-inte-kronologiskt.jpg 201w, https:\/\/blogg.improveme.se\/ellenf\/files\/2015\/10\/tid-livet-ar-inte-kronologiskt-150x150.jpg 150w\" sizes=\"auto, (max-width: 201px) 100vw, 201px\" \/><\/a> Aldrig tidigare har ordkonstn\u00e4rerna <strong>Schulman<\/strong> och <strong>Eklund<\/strong> varit s\u00e5 utl\u00e4mnande som i denna bok \u2013 d\u00e4r de en g\u00e5ng f\u00f6r alla g\u00f6r upp med b\u00e5de trauman och nostalgin kopplade till deras barndom. F\u00f6r den trogna pod-lyssnaren \u00e4r n\u00e4stan h\u00e4lften av ber\u00e4ttelserna bekanta men en del stycken, exempelvis den med Alex och hunden, g\u00f6r mig som l\u00e4sare lite obehaglig till mods. \u00c4nd\u00e5 forts\u00e4tter man att sympatisera med honom, kanske just p\u00e5 grund av hur &#8221;naken&#8221; han \u00e4r i sina ber\u00e4ttelser.\u00a0 Sigges ber\u00e4ttelser \u00e4r ocks\u00e5 sj\u00e4lvutl\u00e4mnande men k\u00e4nns n\u00e5got mer tillr\u00e4ttalagda genom sitt mer poetiska uttryck. Tr\u00e5dar sp\u00e4nns fr\u00e5n nutid till d\u00e5tid, genom historien och sammantvinnas, medan de bes\u00f6ker platser som varit centrala genom barndom och ungdom. <strong>TID <\/strong>\u00e4r definitivt en bok du har sv\u00e5rt att l\u00e4gga ifr\u00e5n dig, och som stannar kvar l\u00e4nge i tanken efter\u00e5t. Den inneh\u00e5ller nya vinklar p\u00e5 tidsperspektivet. Exempelvis menar Sigge att &#8221;man \u00f6msar skinn ungef\u00e4r vart sjunde \u00e5r. En fyrtio\u00e5ring har d\u00e5 d\u00f6tt fem, sex g\u00e5nger psykologiskt. I s\u00e5 motto \u00e4r livet inte n\u00e5gon linj\u00e4r utveckling&#8221;. Titelns ursprung dyker upp f\u00f6rst i sista kapitlet, som ett &#8221;Rosebud-moment&#8221; och knyter ihop historierna p\u00e5 ett v\u00e4ldigt fint s\u00e4tt.<\/p>\n<p>Jag ger 4 av 5 i betyg.<\/p>\n<p>&nbsp;<\/p>\n<p><strong>188 SEK<\/strong> i <a href=\"http:\/\/www.adlibris.com\/se\/bok\/tid-livet-ar-inte-kronologiskt-9789187441851\">webshop<\/a><\/p>\n","protected":false},"excerpt":{"rendered":"<p>Aldrig tidigare har ordkonstn\u00e4rerna Schulman och Eklund varit s\u00e5 utl\u00e4mnande som i denna bok \u2013 d\u00e4r de en g\u00e5ng f\u00f6r alla g\u00f6r upp med b\u00e5de trauman och nostalgin kopplade till deras barndom. F\u00f6r den trogna pod-lyssnaren \u00e4r n\u00e4stan h\u00e4lften av ber\u00e4ttelserna bekanta men en del stycken, exempelvis den med Alex och hunden, g\u00f6r mig som &#8230; <a title=\"TID : Livet \u00e4r inte kronologiskt av Alex Schulman, Sigge Eklund\" class=\"read-more\" href=\"https:\/\/blogg.improveme.se\/ellenf\/2015\/10\/05\/tid-livet-ar-inte-kronologiskt-av-alex-schulman-sigge-eklund\/\" aria-label=\"L\u00e4s mer om TID : Livet \u00e4r inte kronologiskt av Alex Schulman, Sigge Eklund\">L\u00e4s mer<\/a><\/p>\n","protected":false},"author":1767,"featured_media":0,"comment_status":"open","ping_status":"open","sticky":false,"template":"","format":"standard","meta":{"footnotes":""},"categories":[4],"tags":[],"class_list":["post-24848","post","type-post","status-publish","format-standard","hentry","category-personligt"],"_links":{"self":[{"href":"https:\/\/blogg.improveme.se\/ellenf\/wp-json\/wp\/v2\/posts\/24848","targetHints":{"allow":["GET"]}}],"collection":[{"href":"https:\/\/blogg.improveme.se\/ellenf\/wp-json\/wp\/v2\/posts"}],"about":[{"href":"https:\/\/blogg.improveme.se\/ellenf\/wp-json\/wp\/v2\/types\/post"}],"author":[{"embeddable":true,"href":"https:\/\/blogg.improveme.se\/ellenf\/wp-json\/wp\/v2\/users\/1767"}],"replies":[{"embeddable":true,"href":"https:\/\/blogg.improveme.se\/ellenf\/wp-json\/wp\/v2\/comments?post=24848"}],"version-history":[{"count":0,"href":"https:\/\/blogg.improveme.se\/ellenf\/wp-json\/wp\/v2\/posts\/24848\/revisions"}],"wp:attachment":[{"href":"https:\/\/blogg.improveme.se\/ellenf\/wp-json\/wp\/v2\/media?parent=24848"}],"wp:term":[{"taxonomy":"category","embeddable":true,"href":"https:\/\/blogg.improveme.se\/ellenf\/wp-json\/wp\/v2\/categories?post=24848"},{"taxonomy":"post_tag","embeddable":true,"href":"https:\/\/blogg.improveme.se\/ellenf\/wp-json\/wp\/v2\/tags?post=24848"}],"curies":[{"name":"wp","href":"https:\/\/api.w.org\/{rel}","templated":true}]}}