{"id":24859,"date":"2015-10-12T11:52:11","date_gmt":"2015-10-12T09:52:11","guid":{"rendered":"http:\/\/blogg.improveme.se\/ellenf\/?p=24859"},"modified":"2015-10-12T14:05:41","modified_gmt":"2015-10-12T12:05:41","slug":"dagens-basta-deal-glabella-nasolabialvecken-for-1500-sek","status":"publish","type":"post","link":"https:\/\/blogg.improveme.se\/ellenf\/2015\/10\/12\/dagens-basta-deal-glabella-nasolabialvecken-for-1500-sek\/","title":{"rendered":"Dagens b\u00e4sta deal: Glabella+ nasolabialvecken f\u00f6r 1500 SEK!"},"content":{"rendered":"<p><strong>14 nov<\/strong> finns det nu m\u00f6jlighet att vara med behandlingsmodell vid en workshop p\u00e5 <strong>Skinplan<\/strong>-kliniken (en av Stockholms absolut mest professionella kliniker) d\u00e4r du f\u00e5r fylla ut glabella (argrynkan mellan \u00f6gonen) + nasolabial-veckan (de vid munnen) f\u00f6r\u00a0 1500 SEK ist\u00e4llet f\u00f6r \u00f6ver 4000 SEK. Har du \u00e4ven acne\u00e4rr kan vi g\u00f6ra dem mindre synliga med hj\u00e4lp av filler f\u00f6r samma pris. Tipsa\u00a0 era mammor ocks\u00e5! Maila mig p\u00e5<strong> ellen.franzen@gmail<\/strong> f\u00f6r tidsbokning. Grym deal s\u00e5 f\u00f6rst till kvarn f\u00f6r platserna kommer att g\u00e5 \u00e5t!<\/p>\n<p>&nbsp;<\/p>\n<p><a href=\"http:\/\/blogg.improveme.se\/ellenf\/files\/2015\/10\/12112022_10153617537615993_5195566409914504601_n.jpg\"><img loading=\"lazy\" decoding=\"async\" class=\"aligncenter size-full wp-image-24899\" src=\"http:\/\/blogg.improveme.se\/ellenf\/files\/2015\/10\/12112022_10153617537615993_5195566409914504601_n.jpg\" alt=\"12112022_10153617537615993_5195566409914504601_n\" width=\"600\" height=\"370\" srcset=\"https:\/\/blogg.improveme.se\/ellenf\/files\/2015\/10\/12112022_10153617537615993_5195566409914504601_n.jpg 600w, https:\/\/blogg.improveme.se\/ellenf\/files\/2015\/10\/12112022_10153617537615993_5195566409914504601_n-300x185.jpg 300w\" sizes=\"auto, (max-width: 600px) 100vw, 600px\" \/><\/a><\/p>\n<p>&nbsp;<\/p>\n<p><a href=\"http:\/\/blogg.improveme.se\/ellenf\/files\/2015\/10\/m2.jpg\"><img loading=\"lazy\" decoding=\"async\" class=\"aligncenter size-full wp-image-24860\" src=\"http:\/\/blogg.improveme.se\/ellenf\/files\/2015\/10\/m2.jpg\" alt=\"m2\" width=\"680\" height=\"456\" srcset=\"https:\/\/blogg.improveme.se\/ellenf\/files\/2015\/10\/m2.jpg 680w, https:\/\/blogg.improveme.se\/ellenf\/files\/2015\/10\/m2-300x201.jpg 300w\" sizes=\"auto, (max-width: 680px) 100vw, 680px\" \/><\/a><\/p>\n<p>&nbsp;<\/p>\n<p>&nbsp;<\/p>\n<p>&nbsp;<\/p>\n<p>&nbsp;<\/p>\n","protected":false},"excerpt":{"rendered":"<p>14 nov finns det nu m\u00f6jlighet att vara med behandlingsmodell vid en workshop p\u00e5 Skinplan-kliniken (en av Stockholms absolut mest professionella kliniker) d\u00e4r du f\u00e5r fylla ut glabella (argrynkan mellan \u00f6gonen) + nasolabial-veckan (de vid munnen) f\u00f6r\u00a0 1500 SEK ist\u00e4llet f\u00f6r \u00f6ver 4000 SEK. Har du \u00e4ven acne\u00e4rr kan vi g\u00f6ra dem mindre synliga med &#8230; <a title=\"Dagens b\u00e4sta deal: Glabella+ nasolabialvecken f\u00f6r 1500 SEK!\" class=\"read-more\" href=\"https:\/\/blogg.improveme.se\/ellenf\/2015\/10\/12\/dagens-basta-deal-glabella-nasolabialvecken-for-1500-sek\/\" aria-label=\"L\u00e4s mer om Dagens b\u00e4sta deal: Glabella+ nasolabialvecken f\u00f6r 1500 SEK!\">L\u00e4s mer<\/a><\/p>\n","protected":false},"author":1767,"featured_media":0,"comment_status":"open","ping_status":"open","sticky":false,"template":"","format":"standard","meta":{"footnotes":""},"categories":[4,6],"tags":[],"class_list":["post-24859","post","type-post","status-publish","format-standard","hentry","category-personligt","category-skonhet"],"_links":{"self":[{"href":"https:\/\/blogg.improveme.se\/ellenf\/wp-json\/wp\/v2\/posts\/24859","targetHints":{"allow":["GET"]}}],"collection":[{"href":"https:\/\/blogg.improveme.se\/ellenf\/wp-json\/wp\/v2\/posts"}],"about":[{"href":"https:\/\/blogg.improveme.se\/ellenf\/wp-json\/wp\/v2\/types\/post"}],"author":[{"embeddable":true,"href":"https:\/\/blogg.improveme.se\/ellenf\/wp-json\/wp\/v2\/users\/1767"}],"replies":[{"embeddable":true,"href":"https:\/\/blogg.improveme.se\/ellenf\/wp-json\/wp\/v2\/comments?post=24859"}],"version-history":[{"count":0,"href":"https:\/\/blogg.improveme.se\/ellenf\/wp-json\/wp\/v2\/posts\/24859\/revisions"}],"wp:attachment":[{"href":"https:\/\/blogg.improveme.se\/ellenf\/wp-json\/wp\/v2\/media?parent=24859"}],"wp:term":[{"taxonomy":"category","embeddable":true,"href":"https:\/\/blogg.improveme.se\/ellenf\/wp-json\/wp\/v2\/categories?post=24859"},{"taxonomy":"post_tag","embeddable":true,"href":"https:\/\/blogg.improveme.se\/ellenf\/wp-json\/wp\/v2\/tags?post=24859"}],"curies":[{"name":"wp","href":"https:\/\/api.w.org\/{rel}","templated":true}]}}