{"id":24875,"date":"2015-10-09T14:38:30","date_gmt":"2015-10-09T12:38:30","guid":{"rendered":"http:\/\/blogg.improveme.se\/ellenf\/?p=24875"},"modified":"2015-10-10T10:50:31","modified_gmt":"2015-10-10T08:50:31","slug":"min-bebis","status":"publish","type":"post","link":"https:\/\/blogg.improveme.se\/ellenf\/2015\/10\/09\/min-bebis\/","title":{"rendered":"&#8221;Mama I&#8217;m coming home!&#8221;"},"content":{"rendered":"<p>Jag har \u00e4nnu inte best\u00e4mt namn p\u00e5 min pojkbebis men <strong>Lucius<\/strong> ligger just nu h\u00f6gst p\u00e5 listan d\u00e5 jag \u00e4r en sucker f\u00f6r romerska namn! Att jag nu m\u00e5ste v\u00e4nta sju veckor p\u00e5 att f\u00e5 h\u00e4mta hem honom k\u00e4nns n\u00e4stan olidligt! Vem vill inte bara pussa p\u00e5 denna underbara nos!! Jag har \u00e4ven inhandlat det mesta i m\u00f6belv\u00e4g som beh\u00f6vs till min nya l\u00e4genhet. Det som \u00e4r kvar \u00e4r nattduksbord, k\u00f6ksm\u00f6bler, k\u00f6ksger\u00e5d plus mattor. Flyttar sista veckan i november. Cant wait! Fick en elak kommentar i bloggen fr\u00e5n Christian T:s syster som mynnade ut i att jag inte skulle uttala mig om politik d\u00e5 jag bor hemma hos min familj. Inte f\u00f6r att jag beh\u00f6ver f\u00f6rklara mig f\u00f6r n\u00e5gon eller att hon har med det att g\u00f6ra \u2013 men kan \u00e4nd\u00e5 p\u00e5peka att det har varit den smidigaste l\u00f6sningen d\u00e5 de ofta \u00e4r bortresta i kombination med att jag de f\u00f6rsta 2 \u00e5ren tillbringade n\u00e4stan h\u00e4lften av tiden\u00a0 i Sthlm eller p\u00e5 resande fot. K\u00f6tiden f\u00f6r bostad i V\u00e4xj\u00f6 ligger p\u00e5 \u00f6ver 5 \u00e5r om man vill bo n\u00e5gorlunda centralt och \u00f6ver 15 \u00e5r om man vill bo i centrum. Detta beror p\u00e5 en kombination av att V\u00e4xj\u00f6 \u00e4r v\u00e4ldigt expansivt, att det \u00e4r universitetsstad samt har tagit emot en st\u00f6rre andel flyktingar \u00e4n m\u00e5nga andra kommuner. Jag har heller inte tidigare haft m\u00f6jlighet att k\u00f6pa en bostadsr\u00e4tt. Kommer du d\u00e4remot fr\u00e5n, s\u00e4g Somalien,\u00a0 f\u00e5r du l\u00e4genhet gratis direkt. Den typen av or\u00e4ttvis diskriminering odlar inte direkt en positiv sammanh\u00e5llning i landet. Men jag ska inte klaga d\u00e5 jag inte har lidit n\u00e5gon n\u00f6d f\u00f6r det. D\u00e5 jag flyttade hemifr\u00e5n n\u00e4r jag var 17 och inte har haft s\u00e5 bra kontakt med min familj eller ens bott i samma stad (eller samma land bitvis) har det dock sj\u00e4lvklart varit en m\u00e4rklig omst\u00e4llning jag nu gladeligen l\u00e4mnar. Vi svenskar \u00e4r ju inte direkt som italienare, som ofta bor hemma till 30-\u00e5rs \u00e5ldern (pga kultur och bostadsbrist), \u00e4ven om det blir allt vanligare h\u00e4r i Sverige \u2013 att man under en period blir tvungen att flytta hem ex. p.g.a uppbrott. Nu s\u00e4ger jag som Konungen; jag v\u00e4nder blad och ser med stor tacksamhet fram emot allt positivt som h\u00e4nder i mitt liv just nu.<\/p>\n<p>P.S: Jag \u00f6nskar inte C eller n\u00e5gon i hans familj lycka. Det betyder inte heller att jag \u00f6nskar dem olycka \u2013 jag \u00f6nskar bara att karma ska fungera. De har behandlat min familj, tidigare ex samt aff\u00e4rspartners p\u00e5 ett v\u00e4ldigt fult s\u00e4tt (snudd p\u00e5 psykopatiskt). R\u00e4ttvisa \u00e4r inte n\u00e4r alla f\u00e5r lika. R\u00e4ttvisa \u00e4r n\u00e4r alla f\u00e5r vad de f\u00f6rtj\u00e4nar. Baserat p\u00e5 hur de har behandlat andra.<\/p>\n<p>&nbsp;<\/p>\n<p><a href=\"http:\/\/blogg.improveme.se\/ellenf\/files\/2015\/10\/12119081_10153613504250993_1693727852435523169_n.jpg\"><img loading=\"lazy\" decoding=\"async\" class=\"aligncenter size-large wp-image-24876\" src=\"http:\/\/blogg.improveme.se\/ellenf\/files\/2015\/10\/12119081_10153613504250993_1693727852435523169_n-755x852.jpg\" alt=\"12119081_10153613504250993_1693727852435523169_n\" width=\"755\" height=\"852\" srcset=\"https:\/\/blogg.improveme.se\/ellenf\/files\/2015\/10\/12119081_10153613504250993_1693727852435523169_n-755x852.jpg 755w, https:\/\/blogg.improveme.se\/ellenf\/files\/2015\/10\/12119081_10153613504250993_1693727852435523169_n-265x300.jpg 265w, https:\/\/blogg.improveme.se\/ellenf\/files\/2015\/10\/12119081_10153613504250993_1693727852435523169_n.jpg 850w\" sizes=\"auto, (max-width: 755px) 100vw, 755px\" \/><\/a><\/p>\n","protected":false},"excerpt":{"rendered":"<p>Jag har \u00e4nnu inte best\u00e4mt namn p\u00e5 min pojkbebis men Lucius ligger just nu h\u00f6gst p\u00e5 listan d\u00e5 jag \u00e4r en sucker f\u00f6r romerska namn! Att jag nu m\u00e5ste v\u00e4nta sju veckor p\u00e5 att f\u00e5 h\u00e4mta hem honom k\u00e4nns n\u00e4stan olidligt! Vem vill inte bara pussa p\u00e5 denna underbara nos!! Jag har \u00e4ven inhandlat det &#8230; <a title=\"&#8221;Mama I&#8217;m coming home!&#8221;\" class=\"read-more\" href=\"https:\/\/blogg.improveme.se\/ellenf\/2015\/10\/09\/min-bebis\/\" aria-label=\"L\u00e4s mer om &#8221;Mama I&#8217;m coming home!&#8221;\">L\u00e4s mer<\/a><\/p>\n","protected":false},"author":1767,"featured_media":0,"comment_status":"open","ping_status":"open","sticky":false,"template":"","format":"standard","meta":{"footnotes":""},"categories":[4],"tags":[],"class_list":["post-24875","post","type-post","status-publish","format-standard","hentry","category-personligt"],"_links":{"self":[{"href":"https:\/\/blogg.improveme.se\/ellenf\/wp-json\/wp\/v2\/posts\/24875","targetHints":{"allow":["GET"]}}],"collection":[{"href":"https:\/\/blogg.improveme.se\/ellenf\/wp-json\/wp\/v2\/posts"}],"about":[{"href":"https:\/\/blogg.improveme.se\/ellenf\/wp-json\/wp\/v2\/types\/post"}],"author":[{"embeddable":true,"href":"https:\/\/blogg.improveme.se\/ellenf\/wp-json\/wp\/v2\/users\/1767"}],"replies":[{"embeddable":true,"href":"https:\/\/blogg.improveme.se\/ellenf\/wp-json\/wp\/v2\/comments?post=24875"}],"version-history":[{"count":0,"href":"https:\/\/blogg.improveme.se\/ellenf\/wp-json\/wp\/v2\/posts\/24875\/revisions"}],"wp:attachment":[{"href":"https:\/\/blogg.improveme.se\/ellenf\/wp-json\/wp\/v2\/media?parent=24875"}],"wp:term":[{"taxonomy":"category","embeddable":true,"href":"https:\/\/blogg.improveme.se\/ellenf\/wp-json\/wp\/v2\/categories?post=24875"},{"taxonomy":"post_tag","embeddable":true,"href":"https:\/\/blogg.improveme.se\/ellenf\/wp-json\/wp\/v2\/tags?post=24875"}],"curies":[{"name":"wp","href":"https:\/\/api.w.org\/{rel}","templated":true}]}}