{"id":24896,"date":"2015-10-11T21:37:04","date_gmt":"2015-10-11T19:37:04","guid":{"rendered":"http:\/\/blogg.improveme.se\/ellenf\/?p=24896"},"modified":"2015-10-11T21:37:04","modified_gmt":"2015-10-11T19:37:04","slug":"dagens-skonaste-kop-cera-wavestyler-mini","status":"publish","type":"post","link":"https:\/\/blogg.improveme.se\/ellenf\/2015\/10\/11\/dagens-skonaste-kop-cera-wavestyler-mini\/","title":{"rendered":"Dagens sk\u00f6naste k\u00f6p : CERA Wavestyler Mini"},"content":{"rendered":"<p><a href=\"http:\/\/blogg.improveme.se\/ellenf\/files\/2015\/10\/cera-wavestyler-mini.png\"><img loading=\"lazy\" decoding=\"async\" class=\"alignleft  wp-image-24897\" src=\"http:\/\/blogg.improveme.se\/ellenf\/files\/2015\/10\/cera-wavestyler-mini.png\" alt=\"cera-wavestyler-mini\" width=\"397\" height=\"397\" srcset=\"https:\/\/blogg.improveme.se\/ellenf\/files\/2015\/10\/cera-wavestyler-mini.png 600w, https:\/\/blogg.improveme.se\/ellenf\/files\/2015\/10\/cera-wavestyler-mini-150x150.png 150w, https:\/\/blogg.improveme.se\/ellenf\/files\/2015\/10\/cera-wavestyler-mini-300x300.png 300w\" sizes=\"auto, (max-width: 397px) 100vw, 397px\" \/><\/a>S\u00f6ndagar \u00e4r min n\u00e4tshopping-dag. F\u00e5r alltid lite s\u00f6ndags\u00e5ngest, \u00e4ven om jag (som idag) varken festade ig\u00e5r eller b\u00f6rjar tidigt imorgon. N\u00e4r jag stylar mitt h\u00e5r anv\u00e4nder jag f\u00f6r det mesta bara f\u00f6n, f\u00f6ljt av Bj\u00f6rn Ax\u00e9ns v\u00e4rmeborste f\u00f6r att b\u00f6ja in topparna. Idag investerade jag dock i en ny v\u00e4rmet\u00e5ng d\u00e5 min f\u00f6rra v\u00e5g-t\u00e5ng \u00e4r f\u00f6rsvann i flytten fr\u00e5n Malta. Det blev en <strong>Cera Wavestyler Mini <\/strong>fr\u00e5n<a href=\"https:\/\/baressoshop.se\/products\/Cera-Wavestyler-Mini.html\"><strong> Baressoshop.\u00a0<\/strong><\/a>Hade en i &#8221;full-size&#8221; tidigare men den var lite tung och otymplig och passar inte om man har lite kortare h\u00e5r eller vill g\u00f6ra luggen. Denna mindre storlek \u00e4r ju dessutom l\u00e4ttare att resa med. Passade p\u00e5 d\u00e5 den just nu \u00e4r nedsatt fr\u00e5n 399 till <strong>349 SEK<\/strong>! Den har keramiska plattor och en kall-tipp f\u00f6r att inte br\u00e4nna h\u00e5rbotten \u2013 n\u00e5got jag annars brukar lyckas med! Det jag gillar med denna t\u00e5ng \u00e4r att lockarna h\u00e5ller b\u00e4ttre \u00e4n med vanlig lockt\u00e5ng, samt att det inte beh\u00f6vs n\u00e5gon &#8221;teknik&#8221; s\u00e5 till och med jag (som \u00e4r s\u00e5 opraktiskt) kan inte misslyckas! Jag hoppas ni har haft en fin helg. Det enda jag har gjort denna helg \u00e4r att laga mat, promenera och kolla p\u00e5 serier. Uppt\u00e4ckte ig\u00e5r serien <strong>The Returned <\/strong>och s\u00e5g hela f\u00f6rsta s\u00e4songen i ett str\u00e4ck. Kan rekommenderas om ni inte har n\u00e5got f\u00f6r er. N\u00e4sta s\u00e4song b\u00f6rjar inom kort!<\/p>\n","protected":false},"excerpt":{"rendered":"<p>S\u00f6ndagar \u00e4r min n\u00e4tshopping-dag. F\u00e5r alltid lite s\u00f6ndags\u00e5ngest, \u00e4ven om jag (som idag) varken festade ig\u00e5r eller b\u00f6rjar tidigt imorgon. N\u00e4r jag stylar mitt h\u00e5r anv\u00e4nder jag f\u00f6r det mesta bara f\u00f6n, f\u00f6ljt av Bj\u00f6rn Ax\u00e9ns v\u00e4rmeborste f\u00f6r att b\u00f6ja in topparna. Idag investerade jag dock i en ny v\u00e4rmet\u00e5ng d\u00e5 min f\u00f6rra v\u00e5g-t\u00e5ng \u00e4r &#8230; <a title=\"Dagens sk\u00f6naste k\u00f6p : CERA Wavestyler Mini\" class=\"read-more\" href=\"https:\/\/blogg.improveme.se\/ellenf\/2015\/10\/11\/dagens-skonaste-kop-cera-wavestyler-mini\/\" aria-label=\"L\u00e4s mer om Dagens sk\u00f6naste k\u00f6p : CERA Wavestyler Mini\">L\u00e4s mer<\/a><\/p>\n","protected":false},"author":1767,"featured_media":0,"comment_status":"open","ping_status":"open","sticky":false,"template":"","format":"standard","meta":{"footnotes":""},"categories":[4,6],"tags":[],"class_list":["post-24896","post","type-post","status-publish","format-standard","hentry","category-personligt","category-skonhet"],"_links":{"self":[{"href":"https:\/\/blogg.improveme.se\/ellenf\/wp-json\/wp\/v2\/posts\/24896","targetHints":{"allow":["GET"]}}],"collection":[{"href":"https:\/\/blogg.improveme.se\/ellenf\/wp-json\/wp\/v2\/posts"}],"about":[{"href":"https:\/\/blogg.improveme.se\/ellenf\/wp-json\/wp\/v2\/types\/post"}],"author":[{"embeddable":true,"href":"https:\/\/blogg.improveme.se\/ellenf\/wp-json\/wp\/v2\/users\/1767"}],"replies":[{"embeddable":true,"href":"https:\/\/blogg.improveme.se\/ellenf\/wp-json\/wp\/v2\/comments?post=24896"}],"version-history":[{"count":0,"href":"https:\/\/blogg.improveme.se\/ellenf\/wp-json\/wp\/v2\/posts\/24896\/revisions"}],"wp:attachment":[{"href":"https:\/\/blogg.improveme.se\/ellenf\/wp-json\/wp\/v2\/media?parent=24896"}],"wp:term":[{"taxonomy":"category","embeddable":true,"href":"https:\/\/blogg.improveme.se\/ellenf\/wp-json\/wp\/v2\/categories?post=24896"},{"taxonomy":"post_tag","embeddable":true,"href":"https:\/\/blogg.improveme.se\/ellenf\/wp-json\/wp\/v2\/tags?post=24896"}],"curies":[{"name":"wp","href":"https:\/\/api.w.org\/{rel}","templated":true}]}}