{"id":24907,"date":"2015-10-13T09:39:36","date_gmt":"2015-10-13T07:39:36","guid":{"rendered":"http:\/\/blogg.improveme.se\/ellenf\/?p=24907"},"modified":"2015-10-13T18:07:43","modified_gmt":"2015-10-13T16:07:43","slug":"naturligt-lyft-utan-kniv-med-v-soft-lift","status":"publish","type":"post","link":"https:\/\/blogg.improveme.se\/ellenf\/2015\/10\/13\/naturligt-lyft-utan-kniv-med-v-soft-lift\/","title":{"rendered":"Naturligt lyft utan kniv \u2013 med V SOFT LIFT!"},"content":{"rendered":"<p>Ett tr\u00e5dlyft med PDO-tr\u00e5dar ger ett helt naturligt resultat p\u00e5 en timme, och ger dessutom knappt n\u00e5gon svullnad \/rodnad s\u00e5 att du kan \u00e5terv\u00e4nda till jobbet dagen efter. Sj\u00e4lvklart kommer detta att bli riktigt stort och det som \u00e4r extra bra \u00e4r att resultatet forts\u00e4tter att f\u00f6rb\u00e4ttras under tre m\u00e5nader och att uppstramningen forts\u00e4tter ihop med andra positiva bieffekter som mindre porer och mer lyster \u2013 d\u00e5 hudens egna kollagen stimuleras av tr\u00e5darna. Dock \u00e4r detta en behandling som definitivt ska utf\u00f6ras av en l\u00e4kare \u2013som dessutom har certifikat p\u00e5 utbildningen. Inte alla \u00e4r kunniga, s\u00e5 h\u00e5ll utkik efter <strong>InjectAcademy<\/strong>, som hittills \u00e4r ensamma om att utbilda h\u00e4r i Sverige. Priset ligger p\u00e5 drygt 18 000 f\u00f6r hela ansiktet men man kan \u00e4ven behandla mindre partier, ex g\u00f6ra ett \u00f6gonlockslyft eller haklinjen.\u00a0 <strong>InjectAcademy<\/strong> s\u00f6ker just nu behandlingsmodeller d\u00e4r du f\u00e5r ett reducerat pris och betalar bara <strong>4500 SEK.\u00a0<\/strong>Det finns tv\u00e5 platser kvar om n\u00e5gon k\u00e4nner sig sugen! Kontakta mig p\u00e5<strong> ellen.franzen@gmail.com<\/strong>.<\/p>\n<p>P\u00e5 grund av avhopp finns det nu \u00e4ven tv\u00e5 platser lediga till work-shopen f\u00f6r <strong>L\u00c4PPAR <\/strong>(filler\u00a0 STYLAGE) 15 nov d\u00e4r ni endast betalar 1500 SEK! Passa p\u00e5 \u2013 f\u00f6rst till kvarn!<\/p>\n<p><a href=\"http:\/\/improveme.se\/skonhet\/behandlingar\/9225-classicarticle\/16105\"><strong>H\u00e4r<\/strong><\/a> kan ni l\u00e4sa mer om hur det g\u00e5r till.<\/p>\n<p>&nbsp;<\/p>\n<p><a href=\"http:\/\/blogg.improveme.se\/ellenf\/files\/2015\/10\/V-Soft-Lift-fo\u0308re-och-efter.png\"><img loading=\"lazy\" decoding=\"async\" class=\"aligncenter size-large wp-image-24909\" src=\"http:\/\/blogg.improveme.se\/ellenf\/files\/2015\/10\/V-Soft-Lift-fo\u0308re-och-efter-755x546.png\" alt=\"V-Soft-Lift-fo\u0308re-och-efter\" width=\"755\" height=\"546\" srcset=\"https:\/\/blogg.improveme.se\/ellenf\/files\/2015\/10\/V-Soft-Lift-fo\u0308re-och-efter-755x546.png 755w, https:\/\/blogg.improveme.se\/ellenf\/files\/2015\/10\/V-Soft-Lift-fo\u0308re-och-efter-300x217.png 300w, https:\/\/blogg.improveme.se\/ellenf\/files\/2015\/10\/V-Soft-Lift-fo\u0308re-och-efter.png 1624w\" sizes=\"auto, (max-width: 755px) 100vw, 755px\" \/><\/a><\/p>\n<p>&nbsp;<\/p>\n<p><a href=\"http:\/\/blogg.improveme.se\/ellenf\/files\/2015\/10\/V-Soft-Lift-fo\u0308re-och-efter2-755x546.png\"><img loading=\"lazy\" decoding=\"async\" class=\"aligncenter size-full wp-image-24908\" src=\"http:\/\/blogg.improveme.se\/ellenf\/files\/2015\/10\/V-Soft-Lift-fo\u0308re-och-efter2-755x546.png\" alt=\"V-Soft-Lift-fo\u0308re-och-efter2-755x546\" width=\"755\" height=\"546\" srcset=\"https:\/\/blogg.improveme.se\/ellenf\/files\/2015\/10\/V-Soft-Lift-fo\u0308re-och-efter2-755x546.png 755w, https:\/\/blogg.improveme.se\/ellenf\/files\/2015\/10\/V-Soft-Lift-fo\u0308re-och-efter2-755x546-300x216.png 300w\" sizes=\"auto, (max-width: 755px) 100vw, 755px\" \/><\/a><\/p>\n","protected":false},"excerpt":{"rendered":"<p>Ett tr\u00e5dlyft med PDO-tr\u00e5dar ger ett helt naturligt resultat p\u00e5 en timme, och ger dessutom knappt n\u00e5gon svullnad \/rodnad s\u00e5 att du kan \u00e5terv\u00e4nda till jobbet dagen efter. Sj\u00e4lvklart kommer detta att bli riktigt stort och det som \u00e4r extra bra \u00e4r att resultatet forts\u00e4tter att f\u00f6rb\u00e4ttras under tre m\u00e5nader och att uppstramningen forts\u00e4tter ihop &#8230; <a title=\"Naturligt lyft utan kniv \u2013 med V SOFT LIFT!\" class=\"read-more\" href=\"https:\/\/blogg.improveme.se\/ellenf\/2015\/10\/13\/naturligt-lyft-utan-kniv-med-v-soft-lift\/\" aria-label=\"L\u00e4s mer om Naturligt lyft utan kniv \u2013 med V SOFT LIFT!\">L\u00e4s mer<\/a><\/p>\n","protected":false},"author":1767,"featured_media":0,"comment_status":"open","ping_status":"open","sticky":false,"template":"","format":"standard","meta":{"footnotes":""},"categories":[6],"tags":[],"class_list":["post-24907","post","type-post","status-publish","format-standard","hentry","category-skonhet"],"_links":{"self":[{"href":"https:\/\/blogg.improveme.se\/ellenf\/wp-json\/wp\/v2\/posts\/24907","targetHints":{"allow":["GET"]}}],"collection":[{"href":"https:\/\/blogg.improveme.se\/ellenf\/wp-json\/wp\/v2\/posts"}],"about":[{"href":"https:\/\/blogg.improveme.se\/ellenf\/wp-json\/wp\/v2\/types\/post"}],"author":[{"embeddable":true,"href":"https:\/\/blogg.improveme.se\/ellenf\/wp-json\/wp\/v2\/users\/1767"}],"replies":[{"embeddable":true,"href":"https:\/\/blogg.improveme.se\/ellenf\/wp-json\/wp\/v2\/comments?post=24907"}],"version-history":[{"count":0,"href":"https:\/\/blogg.improveme.se\/ellenf\/wp-json\/wp\/v2\/posts\/24907\/revisions"}],"wp:attachment":[{"href":"https:\/\/blogg.improveme.se\/ellenf\/wp-json\/wp\/v2\/media?parent=24907"}],"wp:term":[{"taxonomy":"category","embeddable":true,"href":"https:\/\/blogg.improveme.se\/ellenf\/wp-json\/wp\/v2\/categories?post=24907"},{"taxonomy":"post_tag","embeddable":true,"href":"https:\/\/blogg.improveme.se\/ellenf\/wp-json\/wp\/v2\/tags?post=24907"}],"curies":[{"name":"wp","href":"https:\/\/api.w.org\/{rel}","templated":true}]}}