{"id":24936,"date":"2015-10-15T14:00:55","date_gmt":"2015-10-15T12:00:55","guid":{"rendered":"http:\/\/blogg.improveme.se\/ellenf\/?p=24936"},"modified":"2015-10-15T14:03:20","modified_gmt":"2015-10-15T12:03:20","slug":"update-277","status":"publish","type":"post","link":"https:\/\/blogg.improveme.se\/ellenf\/2015\/10\/15\/update-277\/","title":{"rendered":"Update."},"content":{"rendered":"<p>Nu \u00e4r alla m\u00f6bler inf\u00f6r kommande flytt ink\u00f6pta! 160-s\u00e4ngen tar upp i stort sett hela sovrummet s\u00e5 d\u00e4r finns ju inte mycket mer att fundera \u00f6ver. I vardagsrum\/k\u00f6k blir det klassiskt, minimalistiskt. En svart h\u00f6rnsoffa, vitt tv-bord i lack-finish och en 55 tums TV p\u00e5 v\u00e4ggen mittemot. K\u00f6ksm\u00f6blerna \u00e4r det enda som oroar mig lite. Har k\u00f6pt ett ganska stort, runt bord i svart lack-finish och fyra lite lounge-aktiga stolar och jag vet inte om det kommer bli f\u00f6r tr\u00e5ngt i en liten tv\u00e5a p\u00e5 bara 50 kvadrat. Men jag tror och hoppas att det kommer att bli j\u00e4ttesnyggt! Jag har en ganska&#8221;manlig&#8221; inrednings-smak med neutrala f\u00e4rger och all textil fr\u00e5n Ralph Lauren. Det enda som \u00e4r lite &#8221;kvinnligt \u00e4r v\u00e4l i s\u00e5 fall min passion f\u00f6r doftlljus som \u00e5terfinns i alla rum, inklusive toaletten. I sovrumme, bakom s\u00e4ngent ska jag ha en fondv\u00e4gg, tapeten &#8221;<strong>Woods<\/strong>&#8221; som jag hittade i <a href=\"http:\/\/shop.b-w.se\/Produkter\/Tapeter\/Monster_Stil\/Natur\/Woods?id=BW603761\"><strong>Bj\u00f6rklund &amp; Wingqvist<\/strong><\/a>:s webshop \u2013v\u00e4l v\u00e4rt ett bes\u00f6k d\u00e5 de har ett stort utbud! Jag har ju skogsutsikt fr\u00e5n min balkong s\u00e5 jag ville forts\u00e4tta med tr\u00e4temat \u2013 ocks\u00e5 som ett avbrott till den mer moderna inredningen. Kan det bli november snart? Ha en underbar helg!<\/p>\n<p>&nbsp;<\/p>\n<p><a href=\"http:\/\/blogg.improveme.se\/ellenf\/files\/2015\/10\/ska1.png\"><img loading=\"lazy\" decoding=\"async\" class=\"aligncenter size-full wp-image-24938\" src=\"http:\/\/blogg.improveme.se\/ellenf\/files\/2015\/10\/ska1.png\" alt=\"ska\" width=\"631\" height=\"419\" srcset=\"https:\/\/blogg.improveme.se\/ellenf\/files\/2015\/10\/ska1.png 631w, https:\/\/blogg.improveme.se\/ellenf\/files\/2015\/10\/ska1-300x199.png 300w\" sizes=\"auto, (max-width: 631px) 100vw, 631px\" \/><\/a><\/p>\n<p>&nbsp;<\/p>\n<p><a href=\"http:\/\/blogg.improveme.se\/ellenf\/files\/2015\/10\/11407165_10153327889745993_5872164147878686057_n.jpg\"><img loading=\"lazy\" decoding=\"async\" class=\"aligncenter size-full wp-image-24937\" src=\"http:\/\/blogg.improveme.se\/ellenf\/files\/2015\/10\/11407165_10153327889745993_5872164147878686057_n.jpg\" alt=\"11407165_10153327889745993_5872164147878686057_n\" width=\"720\" height=\"960\" srcset=\"https:\/\/blogg.improveme.se\/ellenf\/files\/2015\/10\/11407165_10153327889745993_5872164147878686057_n.jpg 720w, https:\/\/blogg.improveme.se\/ellenf\/files\/2015\/10\/11407165_10153327889745993_5872164147878686057_n-225x300.jpg 225w\" sizes=\"auto, (max-width: 720px) 100vw, 720px\" \/><\/a><\/p>\n","protected":false},"excerpt":{"rendered":"<p>Nu \u00e4r alla m\u00f6bler inf\u00f6r kommande flytt ink\u00f6pta! 160-s\u00e4ngen tar upp i stort sett hela sovrummet s\u00e5 d\u00e4r finns ju inte mycket mer att fundera \u00f6ver. I vardagsrum\/k\u00f6k blir det klassiskt, minimalistiskt. En svart h\u00f6rnsoffa, vitt tv-bord i lack-finish och en 55 tums TV p\u00e5 v\u00e4ggen mittemot. K\u00f6ksm\u00f6blerna \u00e4r det enda som oroar mig lite. &#8230; <a title=\"Update.\" class=\"read-more\" href=\"https:\/\/blogg.improveme.se\/ellenf\/2015\/10\/15\/update-277\/\" aria-label=\"L\u00e4s mer om Update.\">L\u00e4s mer<\/a><\/p>\n","protected":false},"author":1767,"featured_media":0,"comment_status":"open","ping_status":"open","sticky":false,"template":"","format":"standard","meta":{"footnotes":""},"categories":[4],"tags":[],"class_list":["post-24936","post","type-post","status-publish","format-standard","hentry","category-personligt"],"_links":{"self":[{"href":"https:\/\/blogg.improveme.se\/ellenf\/wp-json\/wp\/v2\/posts\/24936","targetHints":{"allow":["GET"]}}],"collection":[{"href":"https:\/\/blogg.improveme.se\/ellenf\/wp-json\/wp\/v2\/posts"}],"about":[{"href":"https:\/\/blogg.improveme.se\/ellenf\/wp-json\/wp\/v2\/types\/post"}],"author":[{"embeddable":true,"href":"https:\/\/blogg.improveme.se\/ellenf\/wp-json\/wp\/v2\/users\/1767"}],"replies":[{"embeddable":true,"href":"https:\/\/blogg.improveme.se\/ellenf\/wp-json\/wp\/v2\/comments?post=24936"}],"version-history":[{"count":0,"href":"https:\/\/blogg.improveme.se\/ellenf\/wp-json\/wp\/v2\/posts\/24936\/revisions"}],"wp:attachment":[{"href":"https:\/\/blogg.improveme.se\/ellenf\/wp-json\/wp\/v2\/media?parent=24936"}],"wp:term":[{"taxonomy":"category","embeddable":true,"href":"https:\/\/blogg.improveme.se\/ellenf\/wp-json\/wp\/v2\/categories?post=24936"},{"taxonomy":"post_tag","embeddable":true,"href":"https:\/\/blogg.improveme.se\/ellenf\/wp-json\/wp\/v2\/tags?post=24936"}],"curies":[{"name":"wp","href":"https:\/\/api.w.org\/{rel}","templated":true}]}}