{"id":24974,"date":"2015-10-24T19:32:39","date_gmt":"2015-10-24T17:32:39","guid":{"rendered":"http:\/\/blogg.improveme.se\/ellenf\/?p=24974"},"modified":"2015-10-24T19:33:51","modified_gmt":"2015-10-24T17:33:51","slug":"ett-beigeblont-hjarta","status":"publish","type":"post","link":"https:\/\/blogg.improveme.se\/ellenf\/2015\/10\/24\/ett-beigeblont-hjarta\/","title":{"rendered":"Ett beigeblont, konservativt hj\u00e4rta."},"content":{"rendered":"<p>Min fris\u00f6r <strong>Olivera<\/strong> p\u00e5 salong<a href=\"http:\/\/www.nordicfeel.se\/butik\"><strong> Nordic Feel <\/strong><\/a>i V\u00e4xj\u00f6 fixade mitt h\u00e5r idag i en superfin beigeblond nyans med f\u00f6ning och glamourlockar! Anv\u00e4nde en app som \u00e4r f\u00f6rinst\u00e4lld p\u00e5 filtret &#8221;Autumn&#8221; som har en varm, gyllene ton, men h\u00e5ret har en betydligt kallare nyans i verkligheten. Nu blir det lite utg\u00e5ng h\u00e4r. Mina &#8221;barndomsv\u00e4nner&#8221; har samtliga hj\u00e4rtat till v\u00e4nster (EJ Stalin-niv\u00e5)\u00a0 men tycker att vi \u00e4r f\u00f6red\u00f6mliga g\u00e4llande sj\u00e4lvdistans och ironi som ni kan se av FB- konversationen nedan. Vill betona att jag inte h\u00e5nskrattade \u00e5t att det var Gaykv\u00e4ll utan att det r\u00f6rde sig om ironi d\u00e5 jag inte varit ute p\u00e5 l\u00e4\u00e4\u00e4nge och nyss deklarerat att jag \u00e4ntligen var redo f\u00f6r lite fest och kanske \u00e4ven att dejta nya m\u00e4nniskor. Men k\u00e4nns tryggt att ha med sig en t\u00e4ckmantel f\u00f6r att slippa lynchning! &lt;3<\/p>\n<p>&nbsp;<\/p>\n<p>&nbsp;<\/p>\n<p><a href=\"http:\/\/blogg.improveme.se\/ellenf\/files\/2015\/10\/ska.jpg\"><img loading=\"lazy\" decoding=\"async\" class=\"aligncenter size-full wp-image-24976\" src=\"http:\/\/blogg.improveme.se\/ellenf\/files\/2015\/10\/ska.jpg\" alt=\"ska\" width=\"321\" height=\"365\" srcset=\"https:\/\/blogg.improveme.se\/ellenf\/files\/2015\/10\/ska.jpg 321w, https:\/\/blogg.improveme.se\/ellenf\/files\/2015\/10\/ska-263x300.jpg 263w\" sizes=\"auto, (max-width: 321px) 100vw, 321px\" \/><\/a><\/p>\n<p>&nbsp;<\/p>\n<p>&nbsp;<\/p>\n<p>&nbsp;<\/p>\n<p><a href=\"http:\/\/blogg.improveme.se\/ellenf\/files\/2015\/10\/12036600_10153639527230993_4480893133811074790_n.jpg\"><img loading=\"lazy\" decoding=\"async\" class=\"aligncenter size-large wp-image-24975\" src=\"http:\/\/blogg.improveme.se\/ellenf\/files\/2015\/10\/12036600_10153639527230993_4480893133811074790_n-755x919.jpg\" alt=\"12036600_10153639527230993_4480893133811074790_n\" width=\"755\" height=\"919\" srcset=\"https:\/\/blogg.improveme.se\/ellenf\/files\/2015\/10\/12036600_10153639527230993_4480893133811074790_n-755x919.jpg 755w, https:\/\/blogg.improveme.se\/ellenf\/files\/2015\/10\/12036600_10153639527230993_4480893133811074790_n-246x300.jpg 246w, https:\/\/blogg.improveme.se\/ellenf\/files\/2015\/10\/12036600_10153639527230993_4480893133811074790_n.jpg 788w\" sizes=\"auto, (max-width: 755px) 100vw, 755px\" \/><\/a><\/p>\n","protected":false},"excerpt":{"rendered":"<p>Min fris\u00f6r Olivera p\u00e5 salong Nordic Feel i V\u00e4xj\u00f6 fixade mitt h\u00e5r idag i en superfin beigeblond nyans med f\u00f6ning och glamourlockar! Anv\u00e4nde en app som \u00e4r f\u00f6rinst\u00e4lld p\u00e5 filtret &#8221;Autumn&#8221; som har en varm, gyllene ton, men h\u00e5ret har en betydligt kallare nyans i verkligheten. Nu blir det lite utg\u00e5ng h\u00e4r. Mina &#8221;barndomsv\u00e4nner&#8221; har &#8230; <a title=\"Ett beigeblont, konservativt hj\u00e4rta.\" class=\"read-more\" href=\"https:\/\/blogg.improveme.se\/ellenf\/2015\/10\/24\/ett-beigeblont-hjarta\/\" aria-label=\"L\u00e4s mer om Ett beigeblont, konservativt hj\u00e4rta.\">L\u00e4s mer<\/a><\/p>\n","protected":false},"author":1767,"featured_media":0,"comment_status":"open","ping_status":"open","sticky":false,"template":"","format":"standard","meta":{"footnotes":""},"categories":[4],"tags":[],"class_list":["post-24974","post","type-post","status-publish","format-standard","hentry","category-personligt"],"_links":{"self":[{"href":"https:\/\/blogg.improveme.se\/ellenf\/wp-json\/wp\/v2\/posts\/24974","targetHints":{"allow":["GET"]}}],"collection":[{"href":"https:\/\/blogg.improveme.se\/ellenf\/wp-json\/wp\/v2\/posts"}],"about":[{"href":"https:\/\/blogg.improveme.se\/ellenf\/wp-json\/wp\/v2\/types\/post"}],"author":[{"embeddable":true,"href":"https:\/\/blogg.improveme.se\/ellenf\/wp-json\/wp\/v2\/users\/1767"}],"replies":[{"embeddable":true,"href":"https:\/\/blogg.improveme.se\/ellenf\/wp-json\/wp\/v2\/comments?post=24974"}],"version-history":[{"count":0,"href":"https:\/\/blogg.improveme.se\/ellenf\/wp-json\/wp\/v2\/posts\/24974\/revisions"}],"wp:attachment":[{"href":"https:\/\/blogg.improveme.se\/ellenf\/wp-json\/wp\/v2\/media?parent=24974"}],"wp:term":[{"taxonomy":"category","embeddable":true,"href":"https:\/\/blogg.improveme.se\/ellenf\/wp-json\/wp\/v2\/categories?post=24974"},{"taxonomy":"post_tag","embeddable":true,"href":"https:\/\/blogg.improveme.se\/ellenf\/wp-json\/wp\/v2\/tags?post=24974"}],"curies":[{"name":"wp","href":"https:\/\/api.w.org\/{rel}","templated":true}]}}