{"id":25003,"date":"2015-10-29T10:36:06","date_gmt":"2015-10-29T08:36:06","guid":{"rendered":"http:\/\/blogg.improveme.se\/ellenf\/?p=25003"},"modified":"2015-10-30T10:27:04","modified_gmt":"2015-10-30T08:27:04","slug":"varfor-trender-aldrig-hyllar-det-naturliga","status":"publish","type":"post","link":"https:\/\/blogg.improveme.se\/ellenf\/2015\/10\/29\/varfor-trender-aldrig-hyllar-det-naturliga\/","title":{"rendered":"Varf\u00f6r trender aldrig hyllar det &#8221;naturliga&#8221;&#8230;"},"content":{"rendered":"<p>Har ni t\u00e4nkt p\u00e5 en sak ang\u00e5ende trender? Det \u00e4r s\u00e4llan de &#8221;genetiska&#8221; idealen som f\u00f6rst\u00e4rks eller hyllas utan de artificiella varianterna av dem. Ta ex. den nuvarande h\u00e5rtrenden med gr\u00e5 nyanser. \u00c4r det n\u00e5gon som helt pl\u00f6tsligt tycker det \u00e4r snyggt med en 45-\u00e5rig halvgr\u00e5 kvinna?<strong> Not likely. <\/strong>D\u00e4remot 20-\u00e5ringar med st\u00e5lgr\u00e5 f\u00e4rgningar. &#8221;<strong>Cool Granny<\/strong>&#8221;-looken \u00e4r allts\u00e5 i stort sett anpassad f\u00f6r ton\u00e5ringar. Min fris\u00f6r <strong>Olivera<\/strong> ber\u00e4ttade att det helt pl\u00f6tsligt \u00e4r massor av unga tjejer som ringer och vill boka tid f\u00f6r att f\u00e4rga h\u00e5ret gr\u00e5tt. Hon ber\u00e4ttar f\u00f6r dem att det endast \u00e4r\u00a0 platinaf\u00e4rgade h\u00e5r som g\u00e5r att f\u00e5 i just den popul\u00e4ra nyansen.\u00a0 Har du m\u00f6rkare h\u00e5r m\u00e5ste du f\u00f6rst bleka det, ofta i omg\u00e5ngar och d\u00e5 blir resultatet extremt kostsamt och i stort sett aldrig j\u00e4mnt\/snyggt. N\u00e5gon p\u00e5 <strong><span class=\"st\">L&#8217;Or\u00e9al <\/span><\/strong><span class=\"st\">eller liknande internationellt storf\u00f6retag har allts\u00e5 kommit p\u00e5 den luktrativa id\u00e9n att de kommer tj\u00e4na multum p\u00e5 gr\u00e5 toningar.\u00a0 <\/span><\/p>\n<p><span class=\"st\">Brazilian Butt- trenden h\u00e5ller ocks\u00e5 i sig. Men hur m\u00e5nga har en s\u00e5dan bak naturligt? Kanske ett tusental brazilianskor och eventuellt Kim Kardashian. Det \u00e4r n\u00e4mligen inte stora rumpor p\u00e5 gemene man som har blivit poppis \u00f6ver en natt. Det \u00e4r fortfarande &#8221;fult&#8221;.\u00a0 D\u00e4remot har idealet fr\u00e5ng\u00e5tt den supersmala catwalkmodellen (som f\u00f6r m\u00e5nga faktiskt <em>\u00e4r<\/em> en naturlig look &#8211; \u00e4r man genetiskt mager har man generellt inga former) och \u00f6verg\u00e5tt till den mer &#8221;h\u00e4lsosamma&#8221; (!!??) fast \u00e4nnu mer artificiella looken med getingmidja +<span class=\"st\">\u00a0 gigantisk bakdel<\/span><strong><span class=\"st\">\u00a0 <\/span><\/strong> (och ja \u2013 Kim och storf\u00f6retagen tj\u00e4nar miljarder p\u00e5 korsetter som ska omforma kroppen). \u00c4r det inne med fr\u00e4knar? Ja, d\u00e5 ska de vara symmetriska och exakt i den nyans som sminkpennan <strong><span class=\"st\">L&#8217;Or\u00e9al har <\/span><\/strong>utformat f\u00f6r denna trend. <strong>Detta \u00e4r anledningen till att jag varken gillar eller f\u00f6ljer trender.<\/strong> Passar du i r\u00f6tt l\u00e4ppstift g\u00f6r du det alltid \u2013 oavsett vad Veckorevyn skriver just den m\u00e5naden. Likas\u00e5 om du har en ansiktsform som passar i page. <\/span><\/p>\n<p><span class=\"st\">Gillar du putigare l\u00e4ppar eller rumpa go for it! Men l\u00e5t inte f\u00f6retagen som tj\u00e4nar miljarder p\u00e5 brazilian butt lifts diktera ditt liv. Speciellt n\u00e4r du vet att det om n\u00e5gra \u00e5r kommer att vara <em>super skinny<\/em> som g\u00e4ller igen. Och d\u00e5 \u00e4r det ist\u00e4llet bantningsf\u00f6retagen som tj\u00e4nar pengar &#8211; medan du som sitter d\u00e4r och \u00e5ngrar dina svindyra rump-implantat!<\/span><\/p>\n<p><strong>\u00a0Varf\u00f6r trender aldrig hyllar det &#8221;naturliga&#8221;&#8230;\u00e4r f\u00f6r att det inte s\u00e4ljer n\u00e5gra produkter eller l\u00f6snummer.<\/strong><\/p>\n<p>&nbsp;<\/p>\n<p><a href=\"http:\/\/blogg.improveme.se\/ellenf\/files\/2015\/10\/12193288_10153260546756297_6859222865107767912_n-1.jpg\"><img loading=\"lazy\" decoding=\"async\" class=\"aligncenter size-full wp-image-25004\" src=\"http:\/\/blogg.improveme.se\/ellenf\/files\/2015\/10\/12193288_10153260546756297_6859222865107767912_n-1.jpg\" alt=\"12193288_10153260546756297_6859222865107767912_n-1\" width=\"561\" height=\"720\" srcset=\"https:\/\/blogg.improveme.se\/ellenf\/files\/2015\/10\/12193288_10153260546756297_6859222865107767912_n-1.jpg 561w, https:\/\/blogg.improveme.se\/ellenf\/files\/2015\/10\/12193288_10153260546756297_6859222865107767912_n-1-233x300.jpg 233w\" sizes=\"auto, (max-width: 561px) 100vw, 561px\" \/><\/a><\/p>\n","protected":false},"excerpt":{"rendered":"<p>Har ni t\u00e4nkt p\u00e5 en sak ang\u00e5ende trender? Det \u00e4r s\u00e4llan de &#8221;genetiska&#8221; idealen som f\u00f6rst\u00e4rks eller hyllas utan de artificiella varianterna av dem. Ta ex. den nuvarande h\u00e5rtrenden med gr\u00e5 nyanser. \u00c4r det n\u00e5gon som helt pl\u00f6tsligt tycker det \u00e4r snyggt med en 45-\u00e5rig halvgr\u00e5 kvinna? Not likely. D\u00e4remot 20-\u00e5ringar med st\u00e5lgr\u00e5 f\u00e4rgningar. &#8221;Cool &#8230; <a title=\"Varf\u00f6r trender aldrig hyllar det &#8221;naturliga&#8221;&#8230;\" class=\"read-more\" href=\"https:\/\/blogg.improveme.se\/ellenf\/2015\/10\/29\/varfor-trender-aldrig-hyllar-det-naturliga\/\" aria-label=\"L\u00e4s mer om Varf\u00f6r trender aldrig hyllar det &#8221;naturliga&#8221;&#8230;\">L\u00e4s mer<\/a><\/p>\n","protected":false},"author":1767,"featured_media":0,"comment_status":"open","ping_status":"open","sticky":false,"template":"","format":"standard","meta":{"footnotes":""},"categories":[1],"tags":[],"class_list":["post-25003","post","type-post","status-publish","format-standard","hentry","category-okategoriserad"],"_links":{"self":[{"href":"https:\/\/blogg.improveme.se\/ellenf\/wp-json\/wp\/v2\/posts\/25003","targetHints":{"allow":["GET"]}}],"collection":[{"href":"https:\/\/blogg.improveme.se\/ellenf\/wp-json\/wp\/v2\/posts"}],"about":[{"href":"https:\/\/blogg.improveme.se\/ellenf\/wp-json\/wp\/v2\/types\/post"}],"author":[{"embeddable":true,"href":"https:\/\/blogg.improveme.se\/ellenf\/wp-json\/wp\/v2\/users\/1767"}],"replies":[{"embeddable":true,"href":"https:\/\/blogg.improveme.se\/ellenf\/wp-json\/wp\/v2\/comments?post=25003"}],"version-history":[{"count":0,"href":"https:\/\/blogg.improveme.se\/ellenf\/wp-json\/wp\/v2\/posts\/25003\/revisions"}],"wp:attachment":[{"href":"https:\/\/blogg.improveme.se\/ellenf\/wp-json\/wp\/v2\/media?parent=25003"}],"wp:term":[{"taxonomy":"category","embeddable":true,"href":"https:\/\/blogg.improveme.se\/ellenf\/wp-json\/wp\/v2\/categories?post=25003"},{"taxonomy":"post_tag","embeddable":true,"href":"https:\/\/blogg.improveme.se\/ellenf\/wp-json\/wp\/v2\/tags?post=25003"}],"curies":[{"name":"wp","href":"https:\/\/api.w.org\/{rel}","templated":true}]}}