{"id":3992,"date":"2011-05-05T09:52:00","date_gmt":"2011-05-05T08:52:00","guid":{"rendered":"http:\/\/blogg.improveme.se\/ellenf\/2011\/05\/05\/dalig-start-pa-dagen\/"},"modified":"2011-05-05T09:52:00","modified_gmt":"2011-05-05T08:52:00","slug":"dalig-start-pa-dagen","status":"publish","type":"post","link":"https:\/\/blogg.improveme.se\/ellenf\/2011\/05\/05\/dalig-start-pa-dagen\/","title":{"rendered":"D\u00e5lig start p\u00e5 dagen."},"content":{"rendered":"<p><span style=\"font-family: courier new,courier; font-size: 14px;\">Dagen b&ouml;rjade klockan 8 med att st&auml;derskan inte hittade hit s&aring; jag fick g&aring; ner och leta upp henne. Sedan hade hon inte med sig de st&auml;dgrejer vi hade bett henne om. Just nu &auml;r hon ute p&aring; terassen och moppar bort all sand som bl&aring;ser hit fr&aring;n Libyen. C har ju aldrig bra morgonhum&ouml;r och Lina har migr&auml;n. Jag hatar ocks&aring; att g&aring; upp tidigt men ut&ouml;ver det fick jag ett FB-inl&auml;gg som gjorde mig v&auml;ldigt ledsen.<\/span> <span style=\"font-family: courier new,courier; font-size: 14px;\">Om en halvtimme &auml;r Christians kompisar h&auml;r s&aring; nu g&auml;ller det bara att bita ihop och f&ouml;rs&ouml;ka g&aring; in i semestermode f&ouml;r att vara en bra v&auml;rd. Ett glas ros&eacute; anyone?<br \/><\/span><\/p>\n","protected":false},"excerpt":{"rendered":"<p>Dagen b&ouml;rjade klockan 8 med att st&auml;derskan inte hittade hit s&aring; jag fick g&aring; ner och leta upp henne. Sedan hade hon inte med sig de st&auml;dgrejer vi hade bett henne om. Just nu &auml;r hon ute p&aring; terassen och moppar bort all sand som bl&aring;ser hit fr&aring;n Libyen. C har ju aldrig bra morgonhum&ouml;r &#8230; <a title=\"D\u00e5lig start p\u00e5 dagen.\" class=\"read-more\" href=\"https:\/\/blogg.improveme.se\/ellenf\/2011\/05\/05\/dalig-start-pa-dagen\/\" aria-label=\"L\u00e4s mer om D\u00e5lig start p\u00e5 dagen.\">L\u00e4s mer<\/a><\/p>\n","protected":false},"author":1767,"featured_media":0,"comment_status":"open","ping_status":"open","sticky":false,"template":"","format":"standard","meta":{"footnotes":""},"categories":[4],"tags":[],"class_list":["post-3992","post","type-post","status-publish","format-standard","hentry","category-personligt"],"_links":{"self":[{"href":"https:\/\/blogg.improveme.se\/ellenf\/wp-json\/wp\/v2\/posts\/3992","targetHints":{"allow":["GET"]}}],"collection":[{"href":"https:\/\/blogg.improveme.se\/ellenf\/wp-json\/wp\/v2\/posts"}],"about":[{"href":"https:\/\/blogg.improveme.se\/ellenf\/wp-json\/wp\/v2\/types\/post"}],"author":[{"embeddable":true,"href":"https:\/\/blogg.improveme.se\/ellenf\/wp-json\/wp\/v2\/users\/1767"}],"replies":[{"embeddable":true,"href":"https:\/\/blogg.improveme.se\/ellenf\/wp-json\/wp\/v2\/comments?post=3992"}],"version-history":[{"count":0,"href":"https:\/\/blogg.improveme.se\/ellenf\/wp-json\/wp\/v2\/posts\/3992\/revisions"}],"wp:attachment":[{"href":"https:\/\/blogg.improveme.se\/ellenf\/wp-json\/wp\/v2\/media?parent=3992"}],"wp:term":[{"taxonomy":"category","embeddable":true,"href":"https:\/\/blogg.improveme.se\/ellenf\/wp-json\/wp\/v2\/categories?post=3992"},{"taxonomy":"post_tag","embeddable":true,"href":"https:\/\/blogg.improveme.se\/ellenf\/wp-json\/wp\/v2\/tags?post=3992"}],"curies":[{"name":"wp","href":"https:\/\/api.w.org\/{rel}","templated":true}]}}