{"id":10030,"date":"2013-03-30T19:25:51","date_gmt":"2013-03-30T19:25:51","guid":{"rendered":"http:\/\/emeliemattsson.myshowroom.se\/?p=1888"},"modified":"2013-03-30T19:25:51","modified_gmt":"2013-03-30T19:25:51","slug":"tycka-synd-om-mode","status":"publish","type":"post","link":"https:\/\/blogg.improveme.se\/emeliemattsson\/2013\/03\/30\/tycka-synd-om-mode\/","title":{"rendered":"Tycka synd om mode"},"content":{"rendered":"<p>Allts\u00e5 jag \u00e4r s\u00e5 tr\u00f6tt nu! S r\u00e5kade v\u00e4lta en 25kg vikt p\u00e5 min fot idag. Jag k\u00e4nde inte spec mkt f\u00f6r stunden och inte 6tim efter heller. MEN helt pl\u00f6tsligt n\u00e4r jag duschat och fixat lite s\u00e5 kunde jag inte g\u00e5. Jag kan inte ens s\u00e4tta ner foten. Jag kan inte flektera,supinera eller pronera dvs inte vrida den \u00e5t ngt h\u00e5ll. Den \u00e4r helt stel och svullen och dunkar som om det skulle vara ngt. Vet inte om det kan ha blivit en inre bl\u00f6dning eller s\u00e5? ORKA! Kan liksom inte ens g\u00e5 och h\u00e4mta vatten eller g\u00e5 p\u00e5 toaletten! Hoppas att den \u00e4r b\u00e4ttre imorgon f\u00f6r l\u00e4ngtar s\u00e5 mkt till mitt pass. Jobbigt att hoppa p\u00e5 ett ben till gymmet!<\/p>\n<p>Tog sm\u00e4rtstillande och ligger med foten h\u00f6gt nu. H\u00e5ller tummar pch t\u00e5r f\u00f6r att det inte \u00e4r ngt allvarligt nu f\u00f6r jag har varit nog skadat denna m\u00e5nad :p Vad h\u00e4nde med att alla skador i HELA mitt liv ska komma i mars m\u00e5nad 2013:)&nbsp;<\/p>\n<p>Blir det v\u00e4rre s\u00e5 f\u00e5r jag \u00e5ka in till akuten:( Men det \u00e4r sista sista siiist utv\u00e4gen f\u00f6r mig. Ni som k\u00e4nner mig vet vad jag tkr om sjukv\u00e5rden:p<img decoding=\"async\" alt=\"Bild 2013-03-30 kl. 20.18\" class=\"alignnone size-full wp-image-1890\" src=\"http:\/\/emeliemattsson.myshowroom.se\/files\/2013\/03\/Bild-2013-03-30-kl.-20.18.jpg\" \/><\/p>\n","protected":false},"excerpt":{"rendered":"<p>Allts\u00e5 jag \u00e4r s\u00e5 tr\u00f6tt nu! S r\u00e5kade v\u00e4lta en 25kg vikt p\u00e5 min fot idag. Jag k\u00e4nde inte spec mkt f\u00f6r stunden och inte 6tim efter heller. MEN helt pl\u00f6tsligt n\u00e4r jag duschat och fixat lite s\u00e5 kunde jag inte g\u00e5. Jag kan inte ens s\u00e4tta ner foten. Jag kan inte flektera,supinera eller pronera &#8230; <a title=\"Tycka synd om mode\" class=\"read-more\" href=\"https:\/\/blogg.improveme.se\/emeliemattsson\/2013\/03\/30\/tycka-synd-om-mode\/\" aria-label=\"L\u00e4s mer om Tycka synd om mode\">L\u00e4s mer<\/a><\/p>\n","protected":false},"author":1715,"featured_media":0,"comment_status":"open","ping_status":"open","sticky":false,"template":"","format":"standard","meta":{"footnotes":""},"categories":[15],"tags":[],"class_list":["post-10030","post","type-post","status-publish","format-standard","hentry","category-okategoriserad"],"_links":{"self":[{"href":"https:\/\/blogg.improveme.se\/emeliemattsson\/wp-json\/wp\/v2\/posts\/10030","targetHints":{"allow":["GET"]}}],"collection":[{"href":"https:\/\/blogg.improveme.se\/emeliemattsson\/wp-json\/wp\/v2\/posts"}],"about":[{"href":"https:\/\/blogg.improveme.se\/emeliemattsson\/wp-json\/wp\/v2\/types\/post"}],"author":[{"embeddable":true,"href":"https:\/\/blogg.improveme.se\/emeliemattsson\/wp-json\/wp\/v2\/users\/1715"}],"replies":[{"embeddable":true,"href":"https:\/\/blogg.improveme.se\/emeliemattsson\/wp-json\/wp\/v2\/comments?post=10030"}],"version-history":[{"count":0,"href":"https:\/\/blogg.improveme.se\/emeliemattsson\/wp-json\/wp\/v2\/posts\/10030\/revisions"}],"wp:attachment":[{"href":"https:\/\/blogg.improveme.se\/emeliemattsson\/wp-json\/wp\/v2\/media?parent=10030"}],"wp:term":[{"taxonomy":"category","embeddable":true,"href":"https:\/\/blogg.improveme.se\/emeliemattsson\/wp-json\/wp\/v2\/categories?post=10030"},{"taxonomy":"post_tag","embeddable":true,"href":"https:\/\/blogg.improveme.se\/emeliemattsson\/wp-json\/wp\/v2\/tags?post=10030"}],"curies":[{"name":"wp","href":"https:\/\/api.w.org\/{rel}","templated":true}]}}