{"id":10033,"date":"2013-03-31T10:49:40","date_gmt":"2013-03-31T10:49:40","guid":{"rendered":"http:\/\/emeliemattsson.myshowroom.se\/?p=1915"},"modified":"2013-03-31T10:49:40","modified_gmt":"2013-03-31T10:49:40","slug":"sluta-hall-tillbaka","status":"publish","type":"post","link":"https:\/\/blogg.improveme.se\/emeliemattsson\/2013\/03\/31\/sluta-hall-tillbaka\/","title":{"rendered":"Sluta h\u00e5ll tillbaka"},"content":{"rendered":"<p>En egenskap jag har sv\u00e5rt f\u00f6r i Sverige \u00e4r att man h\u00e5ller tillbaka p\u00e5 skryt och att man \u00e4r n\u00f6jd eller tkr att man har \u00e5stadkommit ngt bra. Man \u00e4r &#8221;r\u00e4dd&#8221; f\u00f6r att folk ska tro att man \u00e4r b\u00e4ttre \u00e4n ngn annan. SLUTA MED DET! Kanske \u00e4r det den svenska avundsjukan som g\u00f6r att man inte vill &#8221;sticka ut&#8221;.<\/p>\n<p>Det \u00e4r extremt h\u00e4r i Sverige och s\u00e5 larvigt! Har man k\u00e4mpat f\u00f6r ngt, eller lyckats h\u00e4r i livet s\u00e5 tkr jag att det minsta man kan g\u00f6ra \u00e4r att f\u00e5 dela med sig utav detta och inspirera andra;)<\/p>\n<p>Jag k\u00e4mpar vare dag f\u00f6r att h\u00e5lla en bra form, jag sliter och l\u00e4gger min sj\u00e4l i detta. Jag \u00e4r riktigt n\u00f6jd med min kropp i dagsl\u00e4get! \u00c4lskar att titta mig i spegeln och t\u00e4nka &#8221;DET H\u00c4R HAR JAG SKAPAT MEDHJ\u00c4LP UTAV SJ\u00c4LVDISCIPLIN OC H\u00c5RT ARBETE&#8221;<\/p>\n<p>Sj\u00e4lvklart vill man alltid b\u00e4ttre. Men v\u00e5ga vara n\u00f6jda! V\u00e5ga s\u00e4g &#8221;det h\u00e4r gjorde jag bra&#8221; v\u00e5ga skryta! V\u00e5ga inspirera andra OCH s\u00e4ga att ngn inspirerar om s\u00e5 \u00e4r fallet! H\u00e4r i Sverige \u00e4r man ocks\u00e5 s\u00e5 otroligt sn\u00e5l med komplimanger och ber\u00f6m! Mera s\u00e5nt! \ud83d\ude42<\/p>\n<p>KRAM<\/p>\n","protected":false},"excerpt":{"rendered":"<p>En egenskap jag har sv\u00e5rt f\u00f6r i Sverige \u00e4r att man h\u00e5ller tillbaka p\u00e5 skryt och att man \u00e4r n\u00f6jd eller tkr att man har \u00e5stadkommit ngt bra. Man \u00e4r &#8221;r\u00e4dd&#8221; f\u00f6r att folk ska tro att man \u00e4r b\u00e4ttre \u00e4n ngn annan. SLUTA MED DET! Kanske \u00e4r det den svenska avundsjukan som g\u00f6r att &#8230; <a title=\"Sluta h\u00e5ll tillbaka\" class=\"read-more\" href=\"https:\/\/blogg.improveme.se\/emeliemattsson\/2013\/03\/31\/sluta-hall-tillbaka\/\" aria-label=\"L\u00e4s mer om Sluta h\u00e5ll tillbaka\">L\u00e4s mer<\/a><\/p>\n","protected":false},"author":1715,"featured_media":0,"comment_status":"open","ping_status":"open","sticky":false,"template":"","format":"standard","meta":{"footnotes":""},"categories":[15],"tags":[],"class_list":["post-10033","post","type-post","status-publish","format-standard","hentry","category-okategoriserad"],"_links":{"self":[{"href":"https:\/\/blogg.improveme.se\/emeliemattsson\/wp-json\/wp\/v2\/posts\/10033","targetHints":{"allow":["GET"]}}],"collection":[{"href":"https:\/\/blogg.improveme.se\/emeliemattsson\/wp-json\/wp\/v2\/posts"}],"about":[{"href":"https:\/\/blogg.improveme.se\/emeliemattsson\/wp-json\/wp\/v2\/types\/post"}],"author":[{"embeddable":true,"href":"https:\/\/blogg.improveme.se\/emeliemattsson\/wp-json\/wp\/v2\/users\/1715"}],"replies":[{"embeddable":true,"href":"https:\/\/blogg.improveme.se\/emeliemattsson\/wp-json\/wp\/v2\/comments?post=10033"}],"version-history":[{"count":0,"href":"https:\/\/blogg.improveme.se\/emeliemattsson\/wp-json\/wp\/v2\/posts\/10033\/revisions"}],"wp:attachment":[{"href":"https:\/\/blogg.improveme.se\/emeliemattsson\/wp-json\/wp\/v2\/media?parent=10033"}],"wp:term":[{"taxonomy":"category","embeddable":true,"href":"https:\/\/blogg.improveme.se\/emeliemattsson\/wp-json\/wp\/v2\/categories?post=10033"},{"taxonomy":"post_tag","embeddable":true,"href":"https:\/\/blogg.improveme.se\/emeliemattsson\/wp-json\/wp\/v2\/tags?post=10033"}],"curies":[{"name":"wp","href":"https:\/\/api.w.org\/{rel}","templated":true}]}}