{"id":10041,"date":"2013-04-02T05:10:15","date_gmt":"2013-04-02T05:10:15","guid":{"rendered":"http:\/\/emeliemattsson.myshowroom.se\/?p=2032"},"modified":"2013-04-02T05:10:15","modified_gmt":"2013-04-02T05:10:15","slug":"upp-och-hoppa","status":"publish","type":"post","link":"https:\/\/blogg.improveme.se\/emeliemattsson\/2013\/04\/02\/upp-och-hoppa\/","title":{"rendered":"Upp och hoppa:)"},"content":{"rendered":"<p>God morgon! En liten promenad med Lirreman \u00e4r&nbsp;gjord. Frukost intagen och sitter nu och dricker PWOn f\u00f6r att ladda<br \/>\n\tinf\u00f6r BEN\/TRICEPS:)&nbsp;K\u00e4nns som superl\u00e4nge sedan jag&nbsp;k\u00f6rde ben. Var i tisd\/onsd f\u00f6rra veckan! \ud83d\ude42 S\u00e5 det ska bli&nbsp;superkul:)&nbsp;<\/p>\n<p><img decoding=\"async\" alt=\"Bild&lt;br \/&gt;\n2013-04-02 kl. 07.06\" class=\"alignnone size-full wp-image-2033\" src=\"http:\/\/emeliemattsson.myshowroom.se\/files\/2013\/04\/Bild-2013-04-02-kl.-07.06.jpg\" \/><\/p>\n<p>Det var j\u00e4ttemysigt ig\u00e5r, precis som&nbsp;alltid n\u00e4r vi \u00e4r samlade. Jag \u00e4r s\u00e5 tacksam f\u00f6r den fina och stora&nbsp;familj som jag och S har.&nbsp;<\/p>\n<p>Lirre tarf\u00f6r sig som vanligt och \u00e4lskar att ligga n\u00e4ra&lt;3<\/p>\n<p><a href=\"http:\/\/emeliemattsson.myshowroom.se\/files\/2013\/04\/20130402-071036.jpg\"><img decoding=\"async\" alt=\"20130402-071036.jpg\" class=\"alignnone size-full\" src=\"http:\/\/emeliemattsson.myshowroom.se\/files\/2013\/04\/20130402-071036.jpg\" \/><\/a><\/p>\n","protected":false},"excerpt":{"rendered":"<p>God morgon! En liten promenad med Lirreman \u00e4r&nbsp;gjord. Frukost intagen och sitter nu och dricker PWOn f\u00f6r att ladda inf\u00f6r BEN\/TRICEPS:)&nbsp;K\u00e4nns som superl\u00e4nge sedan jag&nbsp;k\u00f6rde ben. Var i tisd\/onsd f\u00f6rra veckan! \ud83d\ude42 S\u00e5 det ska bli&nbsp;superkul:)&nbsp; Det var j\u00e4ttemysigt ig\u00e5r, precis som&nbsp;alltid n\u00e4r vi \u00e4r samlade. Jag \u00e4r s\u00e5 tacksam f\u00f6r den fina och stora&nbsp;familj &#8230; <a title=\"Upp och hoppa:)\" class=\"read-more\" href=\"https:\/\/blogg.improveme.se\/emeliemattsson\/2013\/04\/02\/upp-och-hoppa\/\" aria-label=\"L\u00e4s mer om Upp och hoppa:)\">L\u00e4s mer<\/a><\/p>\n","protected":false},"author":1715,"featured_media":0,"comment_status":"open","ping_status":"open","sticky":false,"template":"","format":"standard","meta":{"footnotes":""},"categories":[15],"tags":[],"class_list":["post-10041","post","type-post","status-publish","format-standard","hentry","category-okategoriserad"],"_links":{"self":[{"href":"https:\/\/blogg.improveme.se\/emeliemattsson\/wp-json\/wp\/v2\/posts\/10041","targetHints":{"allow":["GET"]}}],"collection":[{"href":"https:\/\/blogg.improveme.se\/emeliemattsson\/wp-json\/wp\/v2\/posts"}],"about":[{"href":"https:\/\/blogg.improveme.se\/emeliemattsson\/wp-json\/wp\/v2\/types\/post"}],"author":[{"embeddable":true,"href":"https:\/\/blogg.improveme.se\/emeliemattsson\/wp-json\/wp\/v2\/users\/1715"}],"replies":[{"embeddable":true,"href":"https:\/\/blogg.improveme.se\/emeliemattsson\/wp-json\/wp\/v2\/comments?post=10041"}],"version-history":[{"count":0,"href":"https:\/\/blogg.improveme.se\/emeliemattsson\/wp-json\/wp\/v2\/posts\/10041\/revisions"}],"wp:attachment":[{"href":"https:\/\/blogg.improveme.se\/emeliemattsson\/wp-json\/wp\/v2\/media?parent=10041"}],"wp:term":[{"taxonomy":"category","embeddable":true,"href":"https:\/\/blogg.improveme.se\/emeliemattsson\/wp-json\/wp\/v2\/categories?post=10041"},{"taxonomy":"post_tag","embeddable":true,"href":"https:\/\/blogg.improveme.se\/emeliemattsson\/wp-json\/wp\/v2\/tags?post=10041"}],"curies":[{"name":"wp","href":"https:\/\/api.w.org\/{rel}","templated":true}]}}