{"id":10469,"date":"2013-09-06T21:07:53","date_gmt":"2013-09-06T19:07:53","guid":{"rendered":"http:\/\/emeliemattsson.myshowroom.se\/2013\/09\/06\/fredagshang\/"},"modified":"2013-09-06T21:07:53","modified_gmt":"2013-09-06T19:07:53","slug":"fredagshang","status":"publish","type":"post","link":"https:\/\/blogg.improveme.se\/emeliemattsson\/2013\/09\/06\/fredagshang\/","title":{"rendered":"Fredagsh\u00e4ng"},"content":{"rendered":"<p>Fredagsmys och massa lek och bus f\u00f6r Ifa hos mamma Lolita,morfar Navy ,syster Belle och extra &#8221;systrar&#8221; Hera och Esther. Han var \u00f6verlycklig \u00f6ver att f\u00e5 busa med likasinnade och vi var \u00f6verlyckliga att han fick lite uppfostran;)<\/p>\n<p>Vi \u00e4r s\u00e5 tacksamma f\u00f6r v\u00e4rldens b\u00e4sta uppf\u00f6dare och v\u00e4nner och det \u00e4r s\u00e5 sk\u00f6nt att bo s\u00e5 n\u00e4ra!<\/p>\n<p><a href=\"http:\/\/emeliemattsson.myshowroom.se\/files\/2013\/09\/20130906-210714.jpg\"><img decoding=\"async\" src=\"http:\/\/emeliemattsson.myshowroom.se\/files\/2013\/09\/20130906-210714.jpg\" alt=\"20130906-210714.jpg\" class=\"alignnone size-full\" \/><\/a><\/p>\n<p><a href=\"http:\/\/emeliemattsson.myshowroom.se\/files\/2013\/09\/20130906-210720.jpg\"><img decoding=\"async\" src=\"http:\/\/emeliemattsson.myshowroom.se\/files\/2013\/09\/20130906-210720.jpg\" alt=\"20130906-210720.jpg\" class=\"alignnone size-full\" \/><\/a><\/p>\n<p><a href=\"http:\/\/emeliemattsson.myshowroom.se\/files\/2013\/09\/20130906-210738.jpg\"><img decoding=\"async\" src=\"http:\/\/emeliemattsson.myshowroom.se\/files\/2013\/09\/20130906-210738.jpg\" alt=\"20130906-210738.jpg\" class=\"alignnone size-full\" \/><\/a><\/p>\n","protected":false},"excerpt":{"rendered":"<p>Fredagsmys och massa lek och bus f\u00f6r Ifa hos mamma Lolita,morfar Navy ,syster Belle och extra &#8221;systrar&#8221; Hera och Esther. Han var \u00f6verlycklig \u00f6ver att f\u00e5 busa med likasinnade och vi var \u00f6verlyckliga att han fick lite uppfostran;) Vi \u00e4r s\u00e5 tacksamma f\u00f6r v\u00e4rldens b\u00e4sta uppf\u00f6dare och v\u00e4nner och det \u00e4r s\u00e5 sk\u00f6nt att bo &#8230; <a title=\"Fredagsh\u00e4ng\" class=\"read-more\" href=\"https:\/\/blogg.improveme.se\/emeliemattsson\/2013\/09\/06\/fredagshang\/\" aria-label=\"L\u00e4s mer om Fredagsh\u00e4ng\">L\u00e4s mer<\/a><\/p>\n","protected":false},"author":1715,"featured_media":0,"comment_status":"open","ping_status":"open","sticky":false,"template":"","format":"standard","meta":{"footnotes":""},"categories":[15],"tags":[],"class_list":["post-10469","post","type-post","status-publish","format-standard","hentry","category-okategoriserad"],"_links":{"self":[{"href":"https:\/\/blogg.improveme.se\/emeliemattsson\/wp-json\/wp\/v2\/posts\/10469","targetHints":{"allow":["GET"]}}],"collection":[{"href":"https:\/\/blogg.improveme.se\/emeliemattsson\/wp-json\/wp\/v2\/posts"}],"about":[{"href":"https:\/\/blogg.improveme.se\/emeliemattsson\/wp-json\/wp\/v2\/types\/post"}],"author":[{"embeddable":true,"href":"https:\/\/blogg.improveme.se\/emeliemattsson\/wp-json\/wp\/v2\/users\/1715"}],"replies":[{"embeddable":true,"href":"https:\/\/blogg.improveme.se\/emeliemattsson\/wp-json\/wp\/v2\/comments?post=10469"}],"version-history":[{"count":0,"href":"https:\/\/blogg.improveme.se\/emeliemattsson\/wp-json\/wp\/v2\/posts\/10469\/revisions"}],"wp:attachment":[{"href":"https:\/\/blogg.improveme.se\/emeliemattsson\/wp-json\/wp\/v2\/media?parent=10469"}],"wp:term":[{"taxonomy":"category","embeddable":true,"href":"https:\/\/blogg.improveme.se\/emeliemattsson\/wp-json\/wp\/v2\/categories?post=10469"},{"taxonomy":"post_tag","embeddable":true,"href":"https:\/\/blogg.improveme.se\/emeliemattsson\/wp-json\/wp\/v2\/tags?post=10469"}],"curies":[{"name":"wp","href":"https:\/\/api.w.org\/{rel}","templated":true}]}}