{"id":203,"date":"2009-06-12T22:05:00","date_gmt":"2009-06-12T21:05:00","guid":{"rendered":"http:\/\/blogg.improveme.se\/emeliemattsson\/2009\/06\/12\/jag-ar-lyckligast-i-hela-varlden\/"},"modified":"2009-06-12T22:05:00","modified_gmt":"2009-06-12T21:05:00","slug":"jag-ar-lyckligast-i-hela-varlden","status":"publish","type":"post","link":"https:\/\/blogg.improveme.se\/emeliemattsson\/2009\/06\/12\/jag-ar-lyckligast-i-hela-varlden\/","title":{"rendered":"Jag \u00e4r lyckligast i hela v\u00e4rlden."},"content":{"rendered":"<p><P>Jag sitter och kollar bilder i mina v\u00e4nners fotoalbum. Jag m\u00e5ste vara lyckligast i v\u00e4rlden som har s\u00e5nna fantastiska v\u00e4nner. Speciellt Melinda. Jag kan ringa henne precis N\u00c4R som helst p\u00e5 dygnet och hon \u00e4r ALLTID villig att lyssna och komma med r\u00e5d och tr\u00f6st. Vi har k\u00e4nt varandra i ca 10 \u00e5r! Det \u00e4r helt sjukt vad l\u00e4nge. Hon vet allt om mig och vad jag gjort i mitt liv, vart jag varit, upplevt, vilka jag varit med osv osv. Vi ses ju inte s\u00e5 ofta l\u00e4ngre d\u00e5 jag bor h\u00e4r men fortfarande s\u00e5 \u00e4r hon nog en av dem som k\u00e4nner mig b\u00e4st.&nbsp; <\/P><br \/>\n<P>Hur lyckligt lottad \u00e4r jag inte som sitter med flera b\u00e4sta v\u00e4nner&nbsp;OCH&nbsp;den mest fantastiske pojkv\u00e4nnen. Jag k\u00e4nner mig lyckligast p\u00e5 jorden. <\/P><br \/>\n<P>Ville bara skriva av mig lite:)<\/P><IMG src=\"http:\/\/s.improveme.se\/data\/filearchive\/29680.510x0.jpg\"> <\/p>\n","protected":false},"excerpt":{"rendered":"<p>Jag sitter och kollar bilder i mina v\u00e4nners fotoalbum. Jag m\u00e5ste vara lyckligast i v\u00e4rlden som har s\u00e5nna fantastiska v\u00e4nner. Speciellt Melinda. Jag kan ringa henne precis N\u00c4R som helst p\u00e5 dygnet och hon \u00e4r ALLTID villig att lyssna och komma med r\u00e5d och tr\u00f6st. Vi har k\u00e4nt varandra i ca 10 \u00e5r! Det \u00e4r &#8230; <a title=\"Jag \u00e4r lyckligast i hela v\u00e4rlden.\" class=\"read-more\" href=\"https:\/\/blogg.improveme.se\/emeliemattsson\/2009\/06\/12\/jag-ar-lyckligast-i-hela-varlden\/\" aria-label=\"L\u00e4s mer om Jag \u00e4r lyckligast i hela v\u00e4rlden.\">L\u00e4s mer<\/a><\/p>\n","protected":false},"author":1715,"featured_media":0,"comment_status":"open","ping_status":"open","sticky":false,"template":"","format":"standard","meta":{"footnotes":""},"categories":[1],"tags":[],"class_list":["post-203","post","type-post","status-publish","format-standard","hentry","category-gamlainlagg"],"_links":{"self":[{"href":"https:\/\/blogg.improveme.se\/emeliemattsson\/wp-json\/wp\/v2\/posts\/203","targetHints":{"allow":["GET"]}}],"collection":[{"href":"https:\/\/blogg.improveme.se\/emeliemattsson\/wp-json\/wp\/v2\/posts"}],"about":[{"href":"https:\/\/blogg.improveme.se\/emeliemattsson\/wp-json\/wp\/v2\/types\/post"}],"author":[{"embeddable":true,"href":"https:\/\/blogg.improveme.se\/emeliemattsson\/wp-json\/wp\/v2\/users\/1715"}],"replies":[{"embeddable":true,"href":"https:\/\/blogg.improveme.se\/emeliemattsson\/wp-json\/wp\/v2\/comments?post=203"}],"version-history":[{"count":0,"href":"https:\/\/blogg.improveme.se\/emeliemattsson\/wp-json\/wp\/v2\/posts\/203\/revisions"}],"wp:attachment":[{"href":"https:\/\/blogg.improveme.se\/emeliemattsson\/wp-json\/wp\/v2\/media?parent=203"}],"wp:term":[{"taxonomy":"category","embeddable":true,"href":"https:\/\/blogg.improveme.se\/emeliemattsson\/wp-json\/wp\/v2\/categories?post=203"},{"taxonomy":"post_tag","embeddable":true,"href":"https:\/\/blogg.improveme.se\/emeliemattsson\/wp-json\/wp\/v2\/tags?post=203"}],"curies":[{"name":"wp","href":"https:\/\/api.w.org\/{rel}","templated":true}]}}